{"id":1697,"date":"2023-01-02T12:47:44","date_gmt":"2023-01-02T11:47:44","guid":{"rendered":"https:\/\/karelhladis.cz\/?p=1697"},"modified":"2025-09-30T10:30:47","modified_gmt":"2025-09-30T08:30:47","slug":"muj-rok-2022","status":"publish","type":"post","link":"https:\/\/karelhladis.cz\/blog\/muj-rok-2022\/","title":{"rendered":"M\u016fj rok 2022"},"content":{"rendered":"\r\n<p>Prvn\u00ed pracovn\u00ed den v roce 2023 za\u010dnu tak, \u017ee si zhodnot\u00edm rok 2022 a usm\u011brn\u00edm si pl\u00e1ny na rok 2023.<\/p>\r\n\r\n\r\n\r\n<p>Jedn\u00edm z d\u016fvod\u016f je chladn\u00fd kalkul &#8211; n\u011bkolikr\u00e1t se mi minul\u00fd rok osv\u011bd\u010dilo \u201cnespol\u00e9hat na n\u00e1hodu, ale j\u00edt j\u00ed naproti\u201d.<\/p>\r\n\r\n\r\n\r\n<p>A ve\u0159ejn\u00e9 sd\u00edlen\u00ed je jedna z mo\u017enost\u00ed, jak na takovou cestu nastoupit.<\/p>\r\n\r\n\r\n\r\n<p>Co si budeme pov\u00eddat &#8211; d\u016fvodem je i pohlazen\u00ed ega a lajky, tak s chut\u00ed do toho.<\/p>\r\n\r\n\r\n\r\n<p><strong>V\u00e1\u017e\u00edm si toho, \u017ee m\u011b \u010dtete. V\u00edm, jak cenn\u00e1 je v dne\u0161n\u00ed dob\u011b \u201cpozornost\u201d.<\/strong><\/p>\r\n\r\n\r\n\r\n\r\n\r\n<p>A te\u010f u\u017e poj\u010fme na to.<!--more--><\/p>\r\n\r\n\r\n\r\n<p><strong>Kr\u00e1tk\u00e1 verze<\/strong>: Byl to super rok pln\u00fd nov\u00fdch projekt\u016f a v\u00fdzev v osobn\u00edm i pracovn\u00edm \u017eivot\u011b. Tento rok bude v\u00edc o kvalit\u011b, ne\u017e kvantit\u011b.<\/p>\r\n\r\n\r\n\r\n<p><strong>Dlouh\u00e1 verze:<\/strong><\/p>\r\n\r\n\r\n<div class=\"wp-block-image\">\r\n<figure class=\"aligncenter size-large is-resized\"><a href=\"https:\/\/karelhladis.cz\/old2\/wp-content\/uploads\/2023\/01\/IMG_2303-scaled.jpg\"><img loading=\"lazy\" decoding=\"async\" class=\"wp-image-1706\" src=\"https:\/\/karelhladis.cz\/old2\/wp-content\/uploads\/2023\/01\/IMG_2303-768x1024.jpg\" alt=\"\" width=\"536\" height=\"715\" \/><\/a>\r\n<figcaption class=\"wp-element-caption\">Momentka z cesty do &#8222;kancel\u00e1\u0159e&#8220; p\u0159i pobytu u rodiny v Nivnici &#8211; prosinec 2022<\/figcaption>\r\n<\/figure>\r\n<\/div>\r\n\r\n\r\n<h2 class=\"wp-block-heading\">Co jsem pl\u00e1noval na rok 2022?<\/h2>\r\n\r\n\r\n\r\n<p>Nic.<\/p>\r\n\r\n\r\n\r\n<p>A to je dal\u0161\u00ed d\u016fvod, pro\u010d tento report poprv\u00e9 v \u017eivot\u011b ve\u0159ejn\u011b p\u00ed\u0161u.<\/p>\r\n\r\n\r\n\r\n<p>Rok 2023 si v\u00edc napl\u00e1nuju. Budu m\u00edt sv\u016fj <strong><a href=\"https:\/\/karelhladis.cz\/ssp-002-vytvorte-si-svuj-osobni-kompas-na-pristi-rok-sablona-zdarma\/\">kompas<\/a><\/strong>, kter\u00fd m\u011b bude sm\u011brovat.<\/p>\r\n\r\n\r\n\r\n<p>Je mi jasn\u00e9, \u017ee ne v\u0161e se povede na 100 %, ale takov\u00fdch osmdes\u00e1t bude sta\u010dit.<\/p>\r\n\r\n\r\n\r\n<p>D\u0159\u00edv jsem na rok dop\u0159edu nepl\u00e1noval a nechal se sp\u00ed\u0161e un\u00e1\u0161et aktu\u00e1ln\u00edmi p\u0159\u00edle\u017eitostmi a pot\u0159ebami. Co\u017e je kr\u00e1tkodob\u011b hezk\u00e9 a funk\u010dn\u00ed, dlohodob\u011b u\u017e tak moc ne.<\/p>\r\n\r\n\r\n\r\n<h2 class=\"wp-block-heading\">Co se mi v roce 2022 ud\u00e1lo?<\/h2>\r\n\r\n\r\n\r\n<h3 class=\"wp-block-heading\">Podnik\u00e1n\u00ed<\/h3>\r\n\r\n\r\n\r\n<p>Jedn\u00edm slovem? <strong>Kvantita.<\/strong><\/p>\r\n\r\n\r\n\r\n<p>Rok 2022 pro m\u011b byl hodn\u011b experiment\u00e1ln\u00ed. Po hlav\u011b jsem se vrhal do nov\u00fdch aktivit. Kdo m\u011b aspo\u0148 trochu sledoval, tak se mohl podivovat nad neust\u00e1l\u00fdmi nov\u00fdmi projekty a n\u00e1pady, kter\u00e9 jsem realizoval.<\/p>\r\n\r\n\r\n\r\n<p>Spoustu z nich jsem si nyn\u00ed vyhodnotil a rozhodl se, \u017ee u\u017e se jim v\u011bnovat nebudu &#8211; nebo se jim budu tento rok v\u011bnovat jinak. V\u011bt\u0161inu z nich jsem v posledn\u00edch 3 m\u011bs\u00edc\u00edch eliminoval.<\/p>\r\n\r\n\r\n\r\n<p><strong>\u010cemu jsem v roce 2022 v\u011bnoval \u010das?<\/strong><\/p>\r\n\r\n\r\n\r\n<p>U\u017e jen kdy\u017e vid\u00edm ten seznam, tak si rvu vlasy (teda \u010dist\u011b hypoteticky &#8211; prakticky ne, proto\u017ee jich nem\u00e1m vzhledem k nastupuj\u00edc\u00edm kout\u016fm nazbyt).<\/p>\r\n\r\n\r\n\r\n<p>Bylo jen ot\u00e1zkou \u010dasu, kdy se z toho sesypu, nebo ud\u011bl\u00e1m razantn\u00ed \u0159ez.<\/p>\r\n\r\n\r\n\r\n<p>Jsem r\u00e1d, \u017ee jsem si zvolil druhou mo\u017enost a za\u010dal \u0159ezat.<\/p>\r\n\r\n\r\n\r\n<p><strong>Marketingov\u00e9 poradenstv\u00ed a konzultace<\/strong><\/p>\r\n\r\n\r\n\r\n<p>M\u016fj denn\u00ed chl\u00e9b &#8211; to, co m\u011b \u017eiv\u00ed.<\/p>\r\n\r\n\r\n\r\n<p>Vyd\u011bl\u00e1v\u00e1m si pen\u00edze t\u00edm, \u017ee pom\u00e1h\u00e1m podnikatel\u016fm vyd\u011blat pen\u00edze na internetu.<\/p>\r\n\r\n\r\n\r\n<p>V roce 2022 jsem m\u011bl 4 dlouhodob\u00e9 klienty, z toho 3 e-shopy. Pov\u011bt\u0161inou se da\u0159ilo, u 2 e-shop\u016f se n\u00e1m poda\u0159ilo meziro\u010dn\u011b vyr\u016fst o stovky procent.<\/p>\r\n\r\n\r\n\r\n<p>Z\u00e1rove\u0148 jsem d\u011blal i spoustu jednor\u00e1zov\u00fdch konzultac\u00ed &#8211; pov\u011bt\u0161inou se jednalo o nastaven\u00ed PPC kampan\u00ed nebo p\u0159ehled\u016f v Looker Studiu (b\u00fdval\u00e9 Google Data Studio). Po dlouh\u00e9 dob\u011b jsem i na\u017eivo \u0161kolil &#8211; konkr\u00e9tn\u011b Google Analytics 4.<\/p>\r\n\r\n\r\n\r\n<p><strong>Sebeprezentace a osobn\u00ed brand<\/strong><\/p>\r\n\r\n\r\n\r\n<p>V\u011bnoval jsem opravdu spoustu \u010dasu tvorb\u011b obsahu. Tyto moje snahy nebyly moc pl\u00e1novan\u00e9 a v\u00fdsledek tomu i odpov\u00edd\u00e1. Nicm\u00e9n\u011b je to jen za\u010d\u00e1tek, odrazov\u00fd m\u016fstek.<\/p>\r\n\r\n\r\n\r\n<p>P\u00e1r \u010d\u00edsel za uplynul\u00fd rok ke dne\u0161n\u00edmu dni:<\/p>\r\n\r\n\r\n\r\n<ul class=\"wp-block-list\">\r\n<li><a href=\"https:\/\/www.youtube.com\/channel\/UCb-9C2nddtLoq31810s0sUg\">YouTube<\/a> &#8211; 74 odb\u011bratel\u016f, 82 vide\u00ed, 4200 zhl\u00e9dnut\u00ed, 200 hodin sledov\u00e1n\u00ed<\/li>\r\n\r\n\r\n\r\n<li>Newsletter &#8211; <a href=\"https:\/\/karelhladis.cz\/sobotni-solo-podnikatel\/\">Sobotn\u00ed Solo Podnikatel<\/a> &#8211; 32 odb\u011bratel\u016f, 5 vyd\u00e1n\u00ed viz archiv<\/li>\r\n\r\n\r\n\r\n<li>Komunita Solo Podnikatel &#8211; 21 \u010dlen\u016f &#8211; p\u0159\u00edstup maj\u00ed v\u0161ichni odb\u011bratel\u00e9 newsletteru<\/li>\r\n\r\n\r\n\r\n<li>LinkedIn a Twitter &#8211; p\u0159es 50 p\u0159\u00edsp\u011bvk\u016f, Tw 145 sleduj\u00edc\u00edch a v\u00edce ne\u017e 3000 zobrazen\u00ed, LinkedIn 405 sleduj\u00edc\u00edch a p\u0159es 22000 zobrazen\u00ed.<\/li>\r\n<\/ul>\r\n\r\n\r\n\r\n<p>Pou\u010den\u00ed z t\u00e9to tvorby shrnu v n\u011bkter\u00e9m z p\u0159\u00ed\u0161t\u00edch \u010dl\u00e1nk\u016f.<\/p>\r\n\r\n\r\n\r\n<p><strong>Affiliate a dom\u00e9ny<\/strong><\/p>\r\n\r\n\r\n\r\n<p>V\u0161e jsem prodal &#8211; 2 katalogov\u00e9 weby, n\u011bkolik magaz\u00edn\u016f o hypot\u00e9k\u00e1ch a spousty dal\u0161\u00edch\u2026 Byl to sice hezk\u00fd \u201cpasivn\u00ed p\u0159\u00edjem\u201d, ale nev\u011bnoval jsem tomu \u010das &#8211; tak jsem v\u0161e rad\u011bji prodal, abych na to u\u017e nemusel myslet a vy\u010d\u00edtat si svoji pasivitu.<\/p>\r\n\r\n\r\n\r\n<p>Affiliate m\u00e1 smysl hlavn\u011b tehdy, kdy se tomu \u010dlov\u011bk opravdu pravideln\u011b v\u011bnuje. A to j\u00e1 ned\u011blal.<\/p>\r\n\r\n\r\n\r\n<p><strong>Kurz<\/strong><\/p>\r\n\r\n\r\n\r\n<p>V \u0159\u00edjnu jsem spustil kurz o \u201c<a href=\"https:\/\/online.karelhladis.cz\/laser\/\">soust\u0159ed\u011bn\u00ed<\/a>\u201d, kter\u00e9 jsem v t\u00e9 dob\u011b hodn\u011b \u0159e\u0161il a zkoumal. Kurz\u016f jsem prodal p\u0159es 30, v\u011bt\u0161inu d\u00edky Facebook reklam\u011b. V\u010dera jsem prodal prvn\u00ed kurz \u201corganicky\u201d &#8211; d\u00edky newsletteru.<\/p>\r\n\r\n\r\n\r\n<p>Plat\u00ed zde to stejn\u00e9, jako u affilu. Aby to bylo zaj\u00edmav\u00e9 a ziskov\u00e9, musel bych se tomu v\u011bnovat. A to j\u00e1 moment\u00e1ln\u011b nechci.<\/p>\r\n\r\n\r\n\r\n<p><strong>E-shop<\/strong><\/p>\r\n\r\n\r\n\r\n<p>Ze stejn\u00fdch d\u016fvod\u016f jsem prodal sv\u00e9ho <a href=\"https:\/\/www.papirovytapir.cz\/\">Pap\u00edrov\u00e9ho tap\u00edra<\/a>. Dal mi hodn\u011b zku\u0161enost\u00ed, ale kv\u016fli m\u00e9 nep\u00e9\u010di stagnoval. A to byla \u0161koda &#8211; proto jsem se u\u010dinil t\u011b\u017ek\u00e9 rozhodnut\u00ed a e-shop prodal.<\/p>\r\n\r\n\r\n\r\n<p>Nov\u00fdm majitel\u016fm p\u0159eji hodn\u011b zdaru.<\/p>\r\n\r\n\r\n\r\n<p><strong>D\u00edlny na Konverzk\u00e1ch<\/strong><\/p>\r\n\r\n\r\n\r\n<p>Vypom\u00e1hal jsem jako lektor na D\u00edln\u00e1ch, kter\u00e9 slou\u017eily jako podp\u016frn\u00e9 konzultace pro SaaS projekt <a href=\"http:\/\/Konverzky.cz\">Konverzky.cz<\/a> &#8211; d\u00edky nim si m\u016f\u017ee kdokoliv jednodu\u0161e naklikat sv\u016fj vlastn\u00ed \u201cfunnel\u201d.<\/p>\r\n\r\n\r\n\r\n<p>Spolu s rokem 2022 skon\u010dila i tato spolupr\u00e1ce, jednodu\u0161e proto, \u017ee mi brala \u010das, kter\u00fd chci v\u011bnovat sv\u00fdm vlastn\u00edm projekt\u016fm.<\/p>\r\n\r\n\r\n\r\n<p><strong>Tvorba web\u016f<\/strong><\/p>\r\n\r\n\r\n\r\n<p>U\u017e od st\u0159edn\u00ed \u0161koly d\u011bl\u00e1m weby na WordPressu. Je to pro m\u00e9 p\u0159\u00edjemn\u00e1 \u010dinnost, u kter\u00e9 hezky vypnu &#8211; a nav\u00edc s dobr\u00fdm pom\u011brem \u010das\/pen\u00edze.<\/p>\r\n\r\n\r\n\r\n<p>Za minul\u00fd rok jsem spustil asi 5 web\u016f. Super na tom je, \u017ee ne\u0159e\u0161\u00edm propagaci &#8211; lidi v\u00ed, \u017ee weby d\u011bl\u00e1m, tak m\u011b sami doporu\u010d\u00ed.<\/p>\r\n\r\n\r\n\r\n<p>Tak\u017ee pokud byste o n\u011bkom v\u011bd\u011bli i vy, budu r\u00e1d za <a href=\"https:\/\/karelhladis.cz\/kontakt\/\">zpr\u00e1vu<\/a>.<\/p>\r\n\r\n\r\n\r\n<h3 class=\"wp-block-heading\">Osobn\u00ed \u017eivot<\/h3>\r\n\r\n\r\n\r\n<p>Cel\u00fd rok se to\u010dil okolo dcerky Eli\u0161ky, kter\u00e1 se narodila v listopadu 2021. Pro\u017eili jsme s n\u00ed tedy prvn\u00ed jej\u00ed rok a na\u010dali druh\u00fd.<\/p>\r\n\r\n\r\n<div class=\"wp-block-image\">\r\n<figure class=\"aligncenter size-full is-resized\"><a href=\"https:\/\/karelhladis.cz\/old2\/wp-content\/uploads\/2023\/01\/4eb00bb4-c5d3-480f-8453-a6fcc51e7c5a.jpeg\"><img loading=\"lazy\" decoding=\"async\" class=\"wp-image-1712\" src=\"https:\/\/karelhladis.cz\/old2\/wp-content\/uploads\/2023\/01\/4eb00bb4-c5d3-480f-8453-a6fcc51e7c5a.jpeg\" alt=\"\" width=\"435\" height=\"580\" \/><\/a>\r\n<figcaption class=\"wp-element-caption\">Eli\u0161ka a prvn\u00ed sn\u00edh, 13 m\u011bs\u00edc\u016f<\/figcaption>\r\n<\/figure>\r\n<\/div>\r\n\r\n\r\n<p>Bylo to n\u00e1ro\u010dn\u00e9, ale p\u0159\u00edroda to na\u0161t\u011bst\u00ed za\u0159\u00eddila dob\u0159e &#8211; vzpomenu si p\u0159edev\u0161\u00edm na to kr\u00e1sn\u00e9, co n\u00e1s za rok potkalo. Prvn\u00ed \u00fasm\u011bv a reakce, zuby, lezen\u00ed, slovo. Te\u010f u\u017e \u010dek\u00e1me na prvn\u00ed kr\u016f\u010dky &#8211; a za\u010dne n\u00e1m dal\u0161\u00ed kapitola.<\/p>\r\n\r\n\r\n\r\n<p>Datum 22. 2. 2022 a 22:22 mi p\u0159i\u0161lo jako stvo\u0159en\u00e9 k \u017e\u00e1dosti o ruku &#8211; D\u00e1\u0161a souhlasila a my m\u011bli v l\u00e9t\u011b svatbu, a to dokonce dv\u011b &#8211; jednu p\u0159ed \u00fa\u0159edn\u00edky na magistr\u00e1tu, druhou s kamar\u00e1dy. V obou p\u0159\u00edpadech \u0159ekla ano.<\/p>\r\n\r\n\r\n\r\n<h3 class=\"wp-block-heading\">Deskov\u00e9 hry<\/h3>\r\n\r\n\r\n\r\n<p>Za rok jsem odehr\u00e1l 38 deskovek (resp. 38 z nich jsem si zapsal), z toho 29 s D\u00e1\u0161ou. Nen\u00ed proto divu, \u017ee \u0161lo hodn\u011b \u010dasto o \u201cdvojkovky\u201d &#8211; hr\u00e1li jsme Splendor, 7 Wonders Duel, Dominion, Pagan, Foundations of Rome.<\/p>\r\n\r\n\r\n\r\n<p>Odehr\u00e1l jsem i spoustu her na <a href=\"http:\/\/Chess.com\">Chess.com<\/a> &#8211; nejv\u00edc m\u011b bav\u00ed 5 minutov\u00e9 blitzky. Dostal jsem se na \u201csv\u00e9\u201d ELO okolo 800, kde asi chv\u00edli z\u016fstanu, pokud se nerozhodnu v\u011bnovat \u0161ach\u016fm v\u00edc \u010dasu.<\/p>\r\n\r\n\r\n\r\n<h3 class=\"wp-block-heading\">Sport<\/h3>\r\n\r\n\r\n\r\n<p>Nejv\u00edc \u010dasu v\u011bnuju lezen\u00ed na st\u011bn\u011b &#8211; konkr\u00e9tn\u011b boulderingu. Tady jsem se zlep\u0161il hodn\u011b &#8211; za\u010d\u00e1tkem roku jsem m\u011bl probl\u00e9m p\u0159el\u00e9zt \u201cfialovou\u201d obt\u00ed\u017enost na na\u0161\u00ed st\u011bn\u011b v Bud\u011bjovic\u00edch.<\/p>\r\n\r\n\r\n\r\n<p>V pr\u016fb\u011bhu roku jsem v\u0161echny fialov\u00e9 vylezl &#8211; a z\u00e1rove\u0148 za\u010dal koketovat s n\u011bkter\u00fdmi \u201cmodr\u00fdmi\u201d, hodn\u011b \u010dasto \u00fasp\u011b\u0161n\u011b.<\/p>\r\n\r\n\r\n<div class=\"wp-block-image\">\r\n<figure class=\"aligncenter size-large is-resized\"><a href=\"https:\/\/karelhladis.cz\/old2\/wp-content\/uploads\/2023\/01\/stena.png\"><img loading=\"lazy\" decoding=\"async\" class=\"wp-image-1713\" src=\"https:\/\/karelhladis.cz\/old2\/wp-content\/uploads\/2023\/01\/stena-878x1024.png\" alt=\"\" width=\"513\" height=\"598\" \/><\/a>\r\n<figcaption class=\"wp-element-caption\">Momentka z bud\u011bjovick\u00e9 st\u011bny &#8211; St\u011bna Lanovka<\/figcaption>\r\n<\/figure>\r\n<\/div>\r\n\r\n\r\n<p>Dostal jsem se do situace, kdy mus\u00edm pro dal\u0161\u00ed zlep\u0161en\u00ed ud\u011blat je\u0161t\u011b n\u011bco nav\u00edc &#8211; posilovat (a\u0165 u\u017e doma, nebo venku), d\u011blat n\u011bjak\u00e9 kardio\u2026 To budu ladit v roce 2023. I proto, \u017ee nebudu m\u00edt kv\u016fli cestov\u00e1n\u00ed p\u0159\u00edstup ke sv\u00fdm \u201cdomovsk\u00fdm\u201d boulder\u016fm.<\/p>\r\n\r\n\r\n\r\n<p>Jo a chodit v kra\u0165asech jsem nep\u0159estal &#8211; u\u017e v\u00edce ne\u017e rok v kuse (a\u017e na p\u00e1r v\u00fdjimek typu poh\u0159by a svatby atd.).<\/p>\r\n\r\n\r\n\r\n<h3 class=\"wp-block-heading\">Cestov\u00e1n\u00ed<\/h3>\r\n\r\n\r\n\r\n<p>Jak asi uhodnete, tak jsme toho moc s novorozencem a batolem neprocestovali. S holkama jsme byli sp\u00ed\u0161e na men\u0161\u00edch v\u00fdletech a proch\u00e1zk\u00e1ch.<\/p>\r\n\r\n\r\n\r\n<p>Po\u0161t\u011bstilo se mi uplatnit 3 roky star\u00fd p\u0159edcovidov\u00fd l\u00edstek na Rock for People, kter\u00fd byl skv\u011bl\u00fd &#8211; obzvl\u00e1\u0161\u0165 vystoupen\u00ed Enter Shikari, Skynd a Crossfaith m\u011b vyst\u0159elily z pantofl\u00ed.<\/p>\r\n\r\n\r\n\r\n<p>S b\u00fdval\u00fdmi kolegy jsme si na t\u00fdden pronajali vilu v Chorvatsku, kde jsme si lebedili a u\u017eili slun\u00ed\u010dka.<\/p>\r\n\r\n\r\n\r\n<p>V z\u00e1\u0159\u00ed jsme se rozhodli, \u017ee budeme v roce 2023 cestovat. V\u00edce o tomto rozhodnut\u00ed jsem se rozepsal na <a href=\"https:\/\/www.linkedin.com\/feed\/update\/urn:li:activity:6988354195191922688\/\">LinkedInu<\/a>.<\/p>\r\n\r\n\r\n<div class=\"wp-block-image\">\r\n<figure class=\"aligncenter size-large is-resized\"><a href=\"https:\/\/karelhladis.cz\/old2\/wp-content\/uploads\/2023\/01\/IMG_1402-scaled.jpeg\"><img loading=\"lazy\" decoding=\"async\" class=\"wp-image-1719\" src=\"https:\/\/karelhladis.cz\/old2\/wp-content\/uploads\/2023\/01\/IMG_1402-1024x768.jpeg\" alt=\"\" width=\"557\" height=\"417\" \/><\/a>\r\n<figcaption class=\"wp-element-caption\">Chorvatsko, fotka z na\u0161\u00ed 2 patrov\u00e9 vily<\/figcaption>\r\n<\/figure>\r\n<\/div>\r\n\r\n\r\n<h3 class=\"wp-block-heading\">Investice<\/h3>\r\n\r\n\r\n\r\n<p>Stejn\u011b jako u sv\u00fdch projekt\u016f jsem i u investic hodn\u011b sekal a zjednodu\u0161oval to, jak\u00fdm zp\u016fsobem investuju.<\/p>\r\n\r\n\r\n\r\n<p>Prodal jsem v\u0161echno osvoje krypto i s Trezorem, fyzick\u00e9 zlato i st\u0159\u00edbro, ukon\u010dil pod\u00edlov\u00e9 fondy a d\u016fchodov\u00e9 p\u0159ipoji\u0161t\u011bn\u00ed u Consequ, vybral pen\u00edze ze Zonek, Bondsteru a Fundliftu.<\/p>\r\n\r\n\r\n\r\n<p>Nyn\u00ed m\u00e1m pen\u00edze rozd\u011blen\u00e9 pouze do 3 oblast\u00ed a slu\u017eeb &#8211; a na v\u0161e m\u00e1m nastaven\u00e9 trval\u00e9 p\u0159\u00edkazy, tak\u017ee na to nemus\u00edm myslet.<\/p>\r\n\r\n\r\n\r\n<p>Jak\u00e9 oblasti to jsou? Pen\u00edze m\u00e1m v akci\u00edch d\u00edky Portu (<a href=\"https:\/\/www.youtube.com\/watch?v=uJ9ketHAU_o\">viz moje YouTube video<\/a>) a Fondee, v nemovitostech d\u00edky Investown (<a href=\"https:\/\/www.youtube.com\/watch?v=GIJK7BMkW84\">viz moje YouTube video<\/a>) a na spo\u0159\u00e1ku (resp. v Investi\u010dn\u00ed rezerv\u011b na Portu).<\/p>\r\n\r\n\r\n\r\n<p>Nav\u00edc jsem pronajal sv\u016fj bud\u011bjovick\u00fd byt, tak\u017ee se mi hezky spl\u00e1c\u00ed hypot\u00e9ka.<\/p>\r\n\r\n\r\n\r\n<h2 class=\"wp-block-heading\">V\u00fdhled do roku 2023<\/h2>\r\n\r\n\r\n\r\n<p>Jestli\u017ee byl rok 2022 rokem kvantity, 2023 bude rokem <strong>kvality<\/strong>.<\/p>\r\n\r\n\r\n\r\n<h3 class=\"wp-block-heading\">Podnik\u00e1n\u00ed<\/h3>\r\n\r\n\r\n\r\n<p>Rozhodl jsem se, \u017ee chci m\u00edt maxim\u00e1ln\u011b 2 \u201cprojekty\u201d, kter\u00e9 mi budou vyd\u011bl\u00e1vat pen\u00edze. Minul\u00fd rok bylo takov\u00fdch projekt\u016f 8.<\/p>\r\n\r\n\r\n\r\n<p>Prvn\u00edm z projekt\u016f budou marketingov\u00e9 poradenstv\u00ed a konzultace &#8211; jako\u017eto m\u016fj \u201chlavn\u00ed p\u0159\u00edjem\u201d, stejn\u011b jako loni. Pak tu bude \u201cvedlej\u0161\u00e1k\u201d.<\/p>\r\n\r\n\r\n\r\n<p>A ne, kurzy to nebudou, i kdy\u017e m\u011b jejich tvorba bav\u00ed a m\u00e1m jich p\u00e1r v p\u0159\u00edprav\u011b.<\/p>\r\n\r\n\r\n\r\n<p>D\u0159\u00edv jsem byl velk\u00fd p\u0159\u00edznivcem diverzifikace &#8211; viz v\u00fdpis \u010dinnost\u00ed v roce 2022. Te\u010f ale vid\u00edm, \u017ee mi tento p\u0159\u00edstup p\u0159estal slou\u017eit dob\u0159e.<\/p>\r\n\r\n\r\n\r\n<p>Dnes u\u017e bych diverzifikaci sp\u00ed\u0161 nedoporu\u010dil. S\u00e1m sob\u011b jsem si toto m\u00e9 nesoust\u0159ed\u011bn\u00ed obhajoval &#8211; \u0159\u00edkal jsem si, \u017ee se d\u00edky tomu u\u010d\u00edm hodn\u011b v\u011bc\u00ed najednou. To je sice pravda, ale v\u017edy je to na \u00fakor hloubky a kvality.<\/p>\r\n\r\n\r\n\r\n<p>Silnou str\u00e1nkou je samoz\u0159ejm\u011b z\u00edsk\u00e1n\u00ed \u0161irok\u00e9ho rozhledu &#8211; a z toho budu t\u011b\u017eit je\u0161t\u011b hodn\u011b dlouho.<\/p>\r\n\r\n\r\n\r\n<p><strong>Do \u010deho budu tento rok investovat \u010das?<\/strong><\/p>\r\n\r\n\r\n\r\n<p><strong>Marketingov\u00e9 poradenstv\u00ed a konzultace<\/strong><\/p>\r\n\r\n\r\n\r\n<p>Tohle m\u011b bude \u017eivit i nad\u00e1le. Nov\u00e9 klienty na pravidelnou spolupr\u00e1ci ji\u017e nab\u00edrat nechci, bylo by to na \u00fakor \u201cvedlej\u0161\u00e1ku\u201d. Ten mi sice zat\u00edm v prvn\u00edch t\u00fddnech a m\u011bs\u00edc\u00edch nebude vyd\u011bl\u00e1vat pen\u00edze, ale potenci\u00e1l je v n\u011bm mnohem v\u011bt\u0161\u00ed.<\/p>\r\n\r\n\r\n\r\n<p>R\u00e1d bych v tomto roce vyzkou\u0161el konzultace pro \u201csolo podnikatele\u201d viz m\u00e9 <a href=\"https:\/\/karelhladis.cz\/\">slu\u017eby<\/a>. P\u016fjde o mix mentoringu, kou\u010dinku a marketingov\u00e9ho poradenstv\u00ed pro v\u0161echny, kte\u0159\u00ed cht\u011bj\u00ed za\u010d\u00edt podnikat online.<\/p>\r\n\r\n\r\n\r\n<p><strong>Sebeprezentace a osobn\u00ed brand<\/strong><\/p>\r\n\r\n\r\n\r\n<p>Abych si takov\u00e9 konzultace vyzkou\u0161el, mus\u00ed se o m\u011b lidi dozv\u011bd\u011bt. I proto budu letos pokra\u010dovat v osobn\u00edm brandingu.<\/p>\r\n\r\n\r\n\r\n<p>Dod\u011bl\u00e1m si web a budu pravideln\u011b publikovat obsah na soci\u00e1ln\u00ed s\u00edt\u011b.<\/p>\r\n\r\n\r\n\r\n<p>Z\u00e1rove\u0148 se budu u\u010dit pracovat s komunitou &#8211; viz <a href=\"https:\/\/karelhladis.cz\/ssp-005-darek-pro-vas-pristup-do-komunity-solo-podnikatelu-pro-uspesny-rok-2023\/\"><strong>p\u00e1t\u00e9 vyd\u00e1n\u00ed SSP<\/strong><\/a>.<\/p>\r\n\r\n\r\n\r\n<p><strong>\u201cVedlej\u0161\u00e1k\u201d<\/strong><\/p>\r\n\r\n\r\n\r\n<p>Rozjedu vlastn\u00ed \u201cmarketingovou agenturu\u201d &#8211; v uvozovk\u00e1ch proto, \u017ee to nebude typick\u00fd \u201cfull service ko\u010dkopes\u201d. Chci se toti\u017e specializovat pouze na jednu \u00fazkou skupinu z\u00e1kazn\u00edk\u016f, niku.<\/p>\r\n\r\n\r\n\r\n<p>To, jak\u00e1 nika to bude, si nech\u00e1m zat\u00edm pro sebe. Mimo jin\u00e9 i proto, \u017ee je\u0161t\u011b nejsem na 100 % rozhodnut\u00fd.<\/p>\r\n\r\n\r\n\r\n<p>Pokud se mi poda\u0159\u00ed s t\u00edmto vedlej\u0161\u00e1kem pohnout, jsem rozhodnut\u00fd se o v\u0161echny sv\u00e9 zdary i nezdary d\u011blit.<\/p>\r\n\r\n\r\n\r\n<p>Pokud chcete b\u00fdt v obraze, odeb\u00edrejte <a href=\"https:\/\/karelhladis.cz\/sobotni-solo-podnikatel\/\">Sobotn\u00edho Solo Podnikatele<\/a>, nebo m\u011b sledujte na <a href=\"https:\/\/www.linkedin.com\/in\/karelhladis\/\">LinkedInu<\/a>\/<a href=\"https:\/\/twitter.com\/KarelHladis\">Twitteru<\/a>.<\/p>\r\n\r\n\r\n\r\n<p>Je mi jasn\u00e9, \u017ee m\u011b \u010dek\u00e1 na za\u010d\u00e1tku hodn\u011b pr\u00e1ce, ale hrozn\u011b se na to t\u011b\u0161\u00edm. Vid\u00edm v tom neskute\u010dn\u00fd potenci\u00e1l &#8211; a taky pen\u00edze a zku\u0161enosti.<\/p>\r\n\r\n\r\n\r\n<p>I kv\u016fli tomu, kolik \u010dasu mi to vezme, tak jsem r\u00e1d, \u017ee jsem osekal \u010dinnosti, kter\u00e9 mi ho hodn\u011b braly. M\u00e1m prost\u011b pocit, \u017ee u\u017e m\u00e1m tolik zku\u0161enost\u00ed, abych je z\u00faro\u010dil v jednom \u201cvelk\u00e9m\u201d projektu.<\/p>\r\n\r\n\r\n\r\n<h3 class=\"wp-block-heading\">Osobn\u00ed \u017eivot<\/h3>\r\n\r\n\r\n\r\n<p>Tady &#8211; douf\u00e1m &#8211; \u017e\u00e1dn\u00e1 velk\u00e1 zm\u011bna nebude a ani ji nepl\u00e1nuju.<\/p>\r\n\r\n\r\n\r\n<p>M\u00e1m p\u00e1r \u201cot\u00e1zek\u201d, kter\u00e9 si chci v pr\u016fb\u011bhu roku vy\u0159e\u0161it, ty rozep\u00ed\u0161u n\u00ed\u017ee v c\u00edlech.<\/p>\r\n\r\n\r\n<div class=\"wp-block-image\">\r\n<figure class=\"aligncenter size-large is-resized\"><a href=\"https:\/\/karelhladis.cz\/old2\/wp-content\/uploads\/2023\/01\/PHOTO-2022-11-18-15-32-18.jpg\"><img loading=\"lazy\" decoding=\"async\" class=\"wp-image-1715\" src=\"https:\/\/karelhladis.cz\/old2\/wp-content\/uploads\/2023\/01\/PHOTO-2022-11-18-15-32-18-1024x683.jpg\" alt=\"\" width=\"521\" height=\"347\" \/><\/a>\r\n<figcaption class=\"wp-element-caption\">V\u00e1no\u010dn\u00ed focen\u00ed \ud83d\ude42<\/figcaption>\r\n<\/figure>\r\n<\/div>\r\n\r\n\r\n<h3 class=\"wp-block-heading\">Deskov\u00e9 hry<\/h3>\r\n\r\n\r\n\r\n<p>Budeme hr\u00e1t na cest\u00e1ch dvojkovky, kter\u00e9 se n\u00e1m v posledn\u00edch m\u011bs\u00edc\u00edch osv\u011bd\u010dily &#8211; Jaipur, 7 Wonders Duel, Splendor Duel, Caesar. R\u00e1d bych ale je\u0161t\u011b p\u00e1r dvojkovek vyzkou\u0161el pro p\u0159\u00edpadn\u00e9 dopln\u011bn\u00ed a osv\u011b\u017een\u00ed.<\/p>\r\n\r\n\r\n\r\n<h3 class=\"wp-block-heading\">Sport<\/h3>\r\n\r\n\r\n\r\n<p>Chci se op\u011bt po roce za\u010d\u00edt otu\u017eovat a vytvo\u0159it si v tom n\u00e1vyk. A z\u00e1rove\u0148 ud\u011blat &#8222;n\u011bco&#8220; pro zlep\u0161en\u00ed v lezen\u00ed.<\/p>\r\n\r\n\r\n\r\n<h3 class=\"wp-block-heading\">Cestov\u00e1n\u00ed<\/h3>\r\n\r\n\r\n\r\n<p>Tento rok je ve znamen\u00ed cestov\u00e1n\u00ed, se kter\u00fdm jsme u\u017e za\u010dali &#8211; od poloviny prosince jsme na m\u011bs\u00edc u rodiny v moj\u00ed rodn\u00e9 Nivnici, pak budeme u rodiny v P\u0159\u00edbrami. No a dal\u0161\u00ed m\u011bs\u00edce str\u00e1v\u00edme ve Florencii, Ben\u00e1tk\u00e1ch, Janov\u011b a Nice.<\/p>\r\n\r\n\r\n\r\n<p>V \u010dervnu se vr\u00e1t\u00edme do \u010ceska &#8211; kv\u016fli svatb\u011b kamar\u00e1da a Rock for People (na kter\u00e9m budou Muse!!). Od \u010dervence je\u0161t\u011b pl\u00e1ny nem\u00e1me &#8211; uvid\u00edme, jak n\u00e1m bude tento zp\u016fsob \u017eivota vyhovovat.<\/p>\r\n\r\n\r\n\r\n<p>Se \u017eenou spust\u00edme o na\u0161ich cest\u00e1ch web (D\u00e1\u0161o, v\u00edm, \u017ee si to \u010dte\u0161, spust\u00edme to v lednu). M\u00e1m spole\u010dn\u00e9 projekty r\u00e1d.<\/p>\r\n\r\n\r\n\r\n<h3 class=\"wp-block-heading\">Investice<\/h3>\r\n\r\n\r\n\r\n<p>Aktu\u00e1ln\u011b jsem se slo\u017een\u00edm sv\u00e9ho portfolia spokojen\u00fd. D\u00edky trval\u00fdm p\u0159\u00edkaz\u016fm pravideln\u011b investuju &#8211; nov\u011b jsem si nastavil trval\u00e1k i na spo\u0159ic\u00ed \u00fa\u010det, kam jsem d\u0159\u00edv pos\u00edlal pen\u00edze, kter\u00e9 \u201czbyly\u201d.<\/p>\r\n\r\n\r\n\r\n<p>Jen\u017ee zn\u00e1te to &#8211; kdy\u017e jsou pen\u00edze na \u00fa\u010dt\u011b, tak zbydou m\u00e1lokdy. Tak si je rad\u011bji na trval\u00e1k po\u0161lu d\u0159\u00edv, ne\u017e je stihnu utratit.<\/p>\r\n\r\n\r\n\r\n<p>Jednu zm\u011bnu ale prov\u00e9st chci &#8211; budu l\u00edp \u0159\u00eddit sv\u00e9 finance a cashflow na del\u0161\u00ed \u010dasov\u00e9 obdob\u00ed. Chci v\u011bd\u011bt, kolik budu m\u00edt kde kolik pen\u011bz za p\u016fl roku, ide\u00e1ln\u011b za rok &#8211; a jak\u00fd je o\u010dek\u00e1van\u00fd p\u0159\u00edjem.<\/p>\r\n\r\n\r\n<hr class=\"wp-block-separator has-alpha-channel-opacity\" \/>\r\n\r\n\r\n<h2 class=\"wp-block-heading\">C\u00edle<\/h2>\r\n\r\n\r\n\r\n<p>Tak poj\u010fme na to.<\/p>\r\n\r\n\r\n\r\n<p>Pokud budu za rok ps\u00e1t report za rok 2023, tak za\u010dnu s dodr\u017een\u00edm n\u00ed\u017ee napsan\u00e9ho.<\/p>\r\n\r\n\r\n\r\n<p>Ne v\u017edy to budou exaktn\u00ed a m\u011b\u0159iteln\u00e9 c\u00edle, ale to nevad\u00ed. P\u0159\u00ed\u0161t\u00ed rok budu v\u016f\u010di sob\u011b i v\u00e1m co nejv\u00edc up\u0159\u00edmn\u00fd s t\u00edm, jestli se mi dan\u00e1 v\u011bc poda\u0159ila, nebo ne.<\/p>\r\n\r\n\r\n\r\n<h3 class=\"wp-block-heading\">Podnik\u00e1n\u00ed<\/h3>\r\n\r\n\r\n\r\n<ul class=\"wp-block-list\">\r\n<li>provedu alespo\u0148 5 konzultac\u00ed pro \u201csolo podnikatele\u201d<\/li>\r\n\r\n\r\n\r\n<li>neklesnu s fakturac\u00ed a objemem pr\u00e1ce ze st\u00e1vaj\u00edc\u00edch klient\u016f<\/li>\r\n\r\n\r\n\r\n<li>spust\u00edm vlastn\u00ed agenturu &#8211; do poloviny roku budu m\u00edt m\u011bs\u00ed\u010dn\u00ed fakturaci 100.000 K\u010d<\/li>\r\n\r\n\r\n\r\n<li>NESPUST\u00cdM \u017d\u00c1DN\u00dd DAL\u0160\u00cd KURZ ANI JIN\u00dd PROJEKT<\/li>\r\n\r\n\r\n\r\n<li>\u201cdokon\u010d\u00edm\u201d sv\u016fj web<\/li>\r\n\r\n\r\n\r\n<li>ka\u017ed\u00fd den jeden p\u0159\u00edsp\u011bvek na soci\u00e1ln\u00ed s\u00edt\u011b<\/li>\r\n\r\n\r\n\r\n<li>ka\u017edou sobotu vyd\u00e1m Sobotn\u00edho Solo Podnikatele<\/li>\r\n\r\n\r\n\r\n<li>do komunity dostanu 100 lid\u00ed<\/li>\r\n<\/ul>\r\n\r\n\r\n\r\n<h3 class=\"wp-block-heading\">Osobn\u00ed \u017eivot<\/h3>\r\n\r\n\r\n\r\n<ul class=\"wp-block-list\">\r\n<li>zdrav\u011bji j\u00edst<\/li>\r\n\r\n\r\n\r\n<li>vy\u0159e\u0161it si sn\u00eddani (ano-ne a co)<\/li>\r\n\r\n\r\n\r\n<li>vy\u0159e\u0161it si dopl\u0148ky stravy<\/li>\r\n\r\n\r\n\r\n<li>vy\u0159e\u0161it zdrav\u00e9 sezen\u00ed &#8211; i p\u0159i cestov\u00e1n\u00ed<\/li>\r\n\r\n\r\n\r\n<li>spole\u010dn\u011b pracovat na projektech s D\u00e1\u0161ou<\/li>\r\n\r\n\r\n\r\n<li>vzd\u011bl\u00e1vat se ve v\u00fdchov\u011b d\u00edt\u011bte<\/li>\r\n<\/ul>\r\n\r\n\r\n\r\n<h3 class=\"wp-block-heading\">Deskov\u00e9 hry<\/h3>\r\n\r\n\r\n\r\n<ul class=\"wp-block-list\">\r\n<li>odehr\u00e1t alespo\u0148 50 deskovek s D\u00e1\u0161ou<\/li>\r\n\r\n\r\n\r\n<li>vyzkou\u0161et 3 nov\u00e9 dvojkovky<\/li>\r\n<\/ul>\r\n\r\n\r\n\r\n<h3 class=\"wp-block-heading\">Sport<\/h3>\r\n\r\n\r\n\r\n<ul class=\"wp-block-list\">\r\n<li>d\u00e1l po cel\u00fd rok chodit v kra\u0165asech<\/li>\r\n\r\n\r\n\r\n<li>otu\u017eovat se<\/li>\r\n\r\n\r\n\r\n<li>nestagnovat na st\u011bn\u011b (ok, to zn\u00ed divn\u011b) a d\u00e1l se posouvat<\/li>\r\n\r\n\r\n\r\n<li>ob\u010das vyu\u017e\u00edt placen\u00e9 konzultace<\/li>\r\n<\/ul>\r\n\r\n\r\n\r\n<h3 class=\"wp-block-heading\">Cestov\u00e1n\u00ed<\/h3>\r\n\r\n\r\n\r\n<ul class=\"wp-block-list\">\r\n<li>spustit cestovatelsk\u00fd blog<\/li>\r\n<\/ul>\r\n\r\n\r\n\r\n<h3 class=\"wp-block-heading\">Investice<\/h3>\r\n\r\n\r\n\r\n<ul class=\"wp-block-list\">\r\n<li>do ka\u017edom\u011bs\u00ed\u010dn\u00edho refreshe si dopln\u00edm \u00fakol na aktualizaci cashflow a v\u00fdhledu financ\u00ed<\/li>\r\n<\/ul>\r\n\r\n\r\n\r\n<p>Abych tyto c\u00edle splnil, tak si je rozd\u011bl\u00edm na kvart\u00e1ln\u00ed c\u00edle a n\u00e1sledn\u011b m\u011bs\u00ed\u010dn\u00ed. No a pak je zanesu do kalend\u00e1\u0159e a postupn\u011b na nich za\u010dnu pracovat.<\/p>\r\n\r\n\r\n\r\n<h2 class=\"wp-block-heading\">Co si chci do roku 2023 vzk\u00e1zat?<\/h2>\r\n\r\n\r\n\r\n<p>V\u00edc deleguj.<\/p>\r\n\r\n\r\n\r\n<p>V\u00edc \u0159\u00edkej ne.<\/p>\r\n\r\n\r\n\r\n<p>Bu\u010f p\u0159\u00edsn\u011bj\u0161\u00ed.<\/p>\r\n\r\n\r\n\r\n<p>Je\u010f v\u00edc na kvalitu.<\/p>\r\n\r\n\r\n\r\n<p>Soust\u0159e\u010f se.<\/p>\r\n\r\n\r\n\r\n<p>Vyu\u017eij s\u00edlu rutiny.<\/p>\r\n\r\n\r\n\r\n<p>Utr\u00e1cej za placen\u00e9 konzultace, kter\u00e9 ti u\u0161et\u0159\u00ed \u010das a energii.<\/p>\r\n\r\n\r\n\r\n<p>Enjoy.<\/p>\r\n\r\n\r\n<hr class=\"wp-block-separator has-alpha-channel-opacity\" \/>\r\n\r\n\r\n<p>Jsem r\u00e1d za v\u0161echny, kter\u00e9 jsem v roce 2022 potkal. Nebudu v\u00e1s zde jmenovat, na n\u011bkoho bych ur\u010dit\u011b zapomn\u011bl &#8211; a to bych necht\u011bl.<\/p>\r\n\r\n\r\n\r\n<p>Nezapome\u0148te odeb\u00edrat <a href=\"https:\/\/karelhladis.cz\/sobotni-solo-podnikatel\/\">Sobotn\u00edho Solo Podnikatele<\/a> a sledovat m\u011b <a href=\"https:\/\/www.linkedin.com\/in\/karelhladis\/\">LinkedInu<\/a>, <a href=\"https:\/\/twitter.com\/KarelHladis\">Twitteru<\/a> nebo <a href=\"https:\/\/www.youtube.com\/channel\/UCb-9C2nddtLoq31810s0sUg\">YouTube<\/a>.<\/p>\r\n\r\n\r\n\r\n<p>A\u0165 se da\u0159\u00ed!<\/p>\r\n\r\n\r\n\r\n<p>Karel<\/p>\r\n\r\n\r\n\r\n<p><strong>PS: Pokud si chcete dop\u0159\u00e1t dal\u0161\u00ed v\u00e1rku novoro\u010dn\u00edho \u201cbulv\u00e1ru\u201d a je\u0161t\u011b si lehce zaprokrastinovat, dop\u0159ejte si dal\u0161\u00ed reporty od koleg\u016f:<\/strong><\/p>\r\n\r\n\r\n\r\n<p><a href=\"https:\/\/www.zdenekdvorak.cz\/muj-rok-2022\/\">Zden\u011bk Dvo\u0159\u00e1k<\/a><\/p>\r\n\r\n\r\n\r\n<p><a href=\"https:\/\/www.patrikgajdos.cz\/zhodnoceni-roku-2022\/\">Patrik Gajdo\u0161<\/a><\/p>\r\n\r\n\r\n\r\n<p><a href=\"https:\/\/franta.cz\/2022\/12\/28\/ohlednuti-po-2022\/\">Jan Hor\u00e1k<\/a><\/p>\r\n\r\n\r\n\r\n<p><a href=\"https:\/\/www.petrmalec.cz\/muj-rok-2022\/\">Petr Malec<\/a><\/p>\r\n\r\n\r\n\r\n<p><a href=\"https:\/\/pajskr.cz\/shrnuti-roku-2022\/\">Jarda Pajskr<\/a><\/p>\r\n\r\n\r\n\r\n<p><a href=\"https:\/\/www.petrkrauz.com\/rok-2022\/\">Petr Krauz<\/a><\/p>\r\n\r\n\r\n\r\n<p><a href=\"https:\/\/vojkovsky.sk\/rok-2022\/\">Roland Vojkovsk\u00fd<\/a><\/p>\r\n\r\n\r\n\r\n<p><a href=\"https:\/\/www.bronislavmarketing.cz\/report-roku-2022-novy-zacatek\/\">Bronislav Markowicz<\/a><\/p>\r\n\r\n\r\n\r\n<p><a href=\"https:\/\/www.martinprodaj.sk\/zhrnutie-roka-2022\/\">Martin Prodaj<\/a><\/p>\r\n\r\n\r\n\r\n<p><a href=\"https:\/\/dangottwald.cz\/muj-rok-2022-a-plany-na-2023\/\">Dan Gottwald<\/a><\/p>\r\n\r\n\r\n\r\n<p><a href=\"https:\/\/mariorozensky.cz\/jaky-byl-rok-2022\/\">M\u00e1rio Ro\u017eensk\u00fd<\/a><\/p>\r\n\r\n\r\n\r\n<p><a href=\"https:\/\/www.servistl.cz\/blog\/shrnuti-meho-roku-2022\/\">Tom\u00e1\u0161 L\u00edpa<\/a><\/p>\r\n\r\n\r\n\r\n<p><a href=\"https:\/\/wladass.cz\/jaky-byl-muj-rok-2022\/\">Vladim\u00edr Piln\u00fd<\/a><\/p>\r\n\r\n\r\n\r\n<p><a href=\"https:\/\/blog.freelo.cz\/plavba-rokem-2022-aneb-inspirace-z-podpalubi-5\/\">Freelo<\/a><\/p>\r\n\r\n\r\n\r\n<p>Zapomn\u011bl jsem na n\u011bjak\u00fd? <a href=\"https:\/\/karelhladis.cz\/kontakt\/\" data-type=\"page\" data-id=\"1449\">Po\u0161lete mi ho do mailu<\/a>, r\u00e1d dopln\u00edm.<\/p>\r\n","protected":false},"excerpt":{"rendered":"<p>Prvn\u00ed pracovn\u00ed den v roce 2023 za\u010dnu tak, \u017ee si zhodnot\u00edm rok 2022 a usm\u011brn\u00edm si pl\u00e1ny na rok 2023. Jedn\u00edm z d\u016fvod\u016f je chladn\u00fd kalkul &#8211; n\u011bkolikr\u00e1t se mi minul\u00fd rok osv\u011bd\u010dilo \u201cnespol\u00e9hat na n\u00e1hodu, ale j\u00edt j\u00ed naproti\u201d. A ve\u0159ejn\u00e9 sd\u00edlen\u00ed je jedna z mo\u017enost\u00ed, jak na takovou cestu nastoupit. Co si budeme [&hellip;]<\/p>\n","protected":false},"author":1,"featured_media":0,"comment_status":"closed","ping_status":"open","sticky":false,"template":"","format":"standard","meta":{"footnotes":""},"categories":[4],"tags":[],"class_list":["post-1697","post","type-post","status-publish","format-standard","hentry","category-blog"],"_links":{"self":[{"href":"https:\/\/karelhladis.cz\/blog\/wp-json\/wp\/v2\/posts\/1697","targetHints":{"allow":["GET"]}}],"collection":[{"href":"https:\/\/karelhladis.cz\/blog\/wp-json\/wp\/v2\/posts"}],"about":[{"href":"https:\/\/karelhladis.cz\/blog\/wp-json\/wp\/v2\/types\/post"}],"author":[{"embeddable":true,"href":"https:\/\/karelhladis.cz\/blog\/wp-json\/wp\/v2\/users\/1"}],"replies":[{"embeddable":true,"href":"https:\/\/karelhladis.cz\/blog\/wp-json\/wp\/v2\/comments?post=1697"}],"version-history":[{"count":2,"href":"https:\/\/karelhladis.cz\/blog\/wp-json\/wp\/v2\/posts\/1697\/revisions"}],"predecessor-version":[{"id":1765,"href":"https:\/\/karelhladis.cz\/blog\/wp-json\/wp\/v2\/posts\/1697\/revisions\/1765"}],"wp:attachment":[{"href":"https:\/\/karelhladis.cz\/blog\/wp-json\/wp\/v2\/media?parent=1697"}],"wp:term":[{"taxonomy":"category","embeddable":true,"href":"https:\/\/karelhladis.cz\/blog\/wp-json\/wp\/v2\/categories?post=1697"},{"taxonomy":"post_tag","embeddable":true,"href":"https:\/\/karelhladis.cz\/blog\/wp-json\/wp\/v2\/tags?post=1697"}],"curies":[{"name":"wp","href":"https:\/\/api.w.org\/{rel}","templated":true}]}}