{"id":1699,"date":"2024-01-04T07:42:18","date_gmt":"2024-01-04T06:42:18","guid":{"rendered":"https:\/\/karelhladis.cz\/blog\/?p=1699"},"modified":"2025-09-30T10:30:29","modified_gmt":"2025-09-30T08:30:29","slug":"muj-rok-2023-a-best-of","status":"publish","type":"post","link":"https:\/\/karelhladis.cz\/blog\/muj-rok-2023-a-best-of\/","title":{"rendered":"M\u016fj rok 2023 a &#8222;best of&#8220;"},"content":{"rendered":"<p class=\"p1\">Jak se mi do toho necht\u011blo, tak m\u011b psan\u00ed o to v\u00edc bavilo. To hlavn\u00ed, co m\u011b k dokon\u010den\u00ed p\u0159inutilo, byly vzpom\u00ednky na psan\u00ed <a href=\"https:\/\/karelhladis.cz\/blog\/muj-rok-2022\/\">lo\u0148sk\u00e9ho reportu<\/a> a mno\u017estv\u00ed zpr\u00e1v, kter\u00e9 jsem od \u010dten\u00e1\u0159\u016f dostal.<\/p>\n<p>To je tak\u00e9 jeden z d\u016fvod\u016f, pro\u010d sd\u00edl\u00edm v\u011bc\u00ed, kter\u00e9 pro m\u011b d\u0159\u00edv byly t\u011b\u017eko p\u0159edstaviteln\u00e9<strong>. Sd\u00edlen\u00ed vn\u00edm\u00e1m jako jeden z t\u011bch nejsnadn\u011bj\u0161\u00edch zp\u016fsob\u016f, jak zv\u00fd\u0161it pravd\u011bpodobnost &#8222;\u0161\u0165astn\u00fdch&#8220; ud\u00e1lost\u00ed.<\/strong><\/p>\n<p>Hlava se u\u017e \u010d\u00e1ste\u010dn\u011b vy\u010distila po t\u00e9 spoust\u011b cukrov\u00ed, bramborov\u00e9ho sal\u00e1tu a brufenu &#8211; ne kv\u016fli alkoholu, ale kv\u016fli tomu, \u017ee jsem si nechal p\u00e1r dn\u00ed p\u0159ed \u0160t\u011bdr\u00fdm dnem vytrhnout dv\u011b osmi\u010dky. Fakt skv\u011bl\u00fd n\u00e1pad, minul\u00fd Karle.<\/p>\n<p>Tento report bude taky trochu jin\u00fd t\u00edm, \u017ee se v n\u011bm pod\u011bl\u00edm i o n\u011bkolik &#8222;best of&#8220; za uplynul\u00fd rok &#8211; r\u00e1d se d\u011bl\u00edm o v\u011bci, kter\u00e9 mi ud\u011blaly radost. T\u0159eba ob\u0161\u0165astn\u00ed i v\u00e1s. ?<\/p>\n<p>Tak poj\u010fme na to.<!--more--><\/p>\n<h2>Jak\u00fd byl m\u016fj rok 2023?<\/h2>\n<p>N\u00e1ro\u010dn\u00fd a zaj\u00edmav\u00fd.<\/p>\n<p>Prvn\u00ed polovina roku byla <strong>velmi ovlivn\u011bna na\u0161\u00edm cestov\u00e1n\u00edm<\/strong>. Do sytosti jsme si u\u017e\u00edvali v\u00fdhod online mo\u017enost\u00ed toho, co d\u011bl\u00e1m. Od p\u016flky prosince 2022 do p\u016flky kv\u011btna 2023 jsme s D\u00e1\u0161ou a Eli\u0161kou nom\u00e1dili po Evrop\u011b &#8211; viz n\u00e1\u0161 web <a href=\"https:\/\/uhladisu.cz\/\">uhladisu.cz<\/a>. Tady p\u00e1r spole\u010dn\u00fdch fotek z na\u0161ich cest, zbytek na blogu a Instagramu.<\/p>\n\n\t\t<style type=\"text\/css\">\n\t\t\t#gallery-1 {\n\t\t\t\tmargin: auto;\n\t\t\t}\n\t\t\t#gallery-1 .gallery-item {\n\t\t\t\tfloat: left;\n\t\t\t\tmargin-top: 10px;\n\t\t\t\ttext-align: center;\n\t\t\t\twidth: 20%;\n\t\t\t}\n\t\t\t#gallery-1 img {\n\t\t\t\tborder: 2px solid #cfcfcf;\n\t\t\t}\n\t\t\t#gallery-1 .gallery-caption {\n\t\t\t\tmargin-left: 0;\n\t\t\t}\n\t\t\t\/* see gallery_shortcode() in wp-includes\/media.php *\/\n\t\t<\/style>\n\t\t<div id='gallery-1' class='gallery galleryid-1699 gallery-columns-5 gallery-size-thumbnail'><dl class='gallery-item'>\n\t\t\t<dt class='gallery-icon portrait'>\n\t\t\t\t<a href='https:\/\/karelhladis.cz\/blog\/muj-rok-2023-a-best-of\/vyhled6\/'><img loading=\"lazy\" decoding=\"async\" width=\"150\" height=\"150\" src=\"https:\/\/karelhladis.cz\/blog\/wp-content\/uploads\/2024\/01\/vyhled6-150x150.jpg\" class=\"attachment-thumbnail size-thumbnail\" alt=\"\" srcset=\"https:\/\/karelhladis.cz\/blog\/wp-content\/uploads\/2024\/01\/vyhled6-150x150.jpg 150w, https:\/\/karelhladis.cz\/blog\/wp-content\/uploads\/2024\/01\/vyhled6-88x88.jpg 88w\" sizes=\"auto, (max-width: 150px) 100vw, 150px\" \/><\/a>\n\t\t\t<\/dt><\/dl><dl class='gallery-item'>\n\t\t\t<dt class='gallery-icon landscape'>\n\t\t\t\t<a href='https:\/\/karelhladis.cz\/blog\/muj-rok-2023-a-best-of\/img_3466\/'><img loading=\"lazy\" decoding=\"async\" width=\"150\" height=\"150\" src=\"https:\/\/karelhladis.cz\/blog\/wp-content\/uploads\/2024\/01\/IMG_3466-150x150.jpg\" class=\"attachment-thumbnail size-thumbnail\" alt=\"\" srcset=\"https:\/\/karelhladis.cz\/blog\/wp-content\/uploads\/2024\/01\/IMG_3466-150x150.jpg 150w, https:\/\/karelhladis.cz\/blog\/wp-content\/uploads\/2024\/01\/IMG_3466-88x88.jpg 88w\" sizes=\"auto, (max-width: 150px) 100vw, 150px\" \/><\/a>\n\t\t\t<\/dt><\/dl><dl class='gallery-item'>\n\t\t\t<dt class='gallery-icon landscape'>\n\t\t\t\t<a href='https:\/\/karelhladis.cz\/blog\/muj-rok-2023-a-best-of\/20230321_174155\/'><img loading=\"lazy\" decoding=\"async\" width=\"150\" height=\"150\" src=\"https:\/\/karelhladis.cz\/blog\/wp-content\/uploads\/2024\/01\/20230321_174155-150x150.jpg\" class=\"attachment-thumbnail size-thumbnail\" alt=\"\" srcset=\"https:\/\/karelhladis.cz\/blog\/wp-content\/uploads\/2024\/01\/20230321_174155-150x150.jpg 150w, https:\/\/karelhladis.cz\/blog\/wp-content\/uploads\/2024\/01\/20230321_174155-88x88.jpg 88w\" sizes=\"auto, (max-width: 150px) 100vw, 150px\" \/><\/a>\n\t\t\t<\/dt><\/dl><dl class='gallery-item'>\n\t\t\t<dt class='gallery-icon landscape'>\n\t\t\t\t<a href='https:\/\/karelhladis.cz\/blog\/muj-rok-2023-a-best-of\/331577155_945429433284165_1837483544673865671_n\/'><img loading=\"lazy\" decoding=\"async\" width=\"150\" height=\"150\" src=\"https:\/\/karelhladis.cz\/blog\/wp-content\/uploads\/2024\/01\/331577155_945429433284165_1837483544673865671_n-150x150.jpg\" class=\"attachment-thumbnail size-thumbnail\" alt=\"\" srcset=\"https:\/\/karelhladis.cz\/blog\/wp-content\/uploads\/2024\/01\/331577155_945429433284165_1837483544673865671_n-150x150.jpg 150w, https:\/\/karelhladis.cz\/blog\/wp-content\/uploads\/2024\/01\/331577155_945429433284165_1837483544673865671_n-300x300.jpg 300w, https:\/\/karelhladis.cz\/blog\/wp-content\/uploads\/2024\/01\/331577155_945429433284165_1837483544673865671_n-88x88.jpg 88w, https:\/\/karelhladis.cz\/blog\/wp-content\/uploads\/2024\/01\/331577155_945429433284165_1837483544673865671_n.jpg 768w\" sizes=\"auto, (max-width: 150px) 100vw, 150px\" \/><\/a>\n\t\t\t<\/dt><\/dl><dl class='gallery-item'>\n\t\t\t<dt class='gallery-icon portrait'>\n\t\t\t\t<a href='https:\/\/karelhladis.cz\/blog\/muj-rok-2023-a-best-of\/img_3030\/'><img loading=\"lazy\" decoding=\"async\" width=\"150\" height=\"150\" src=\"https:\/\/karelhladis.cz\/blog\/wp-content\/uploads\/2024\/01\/IMG_3030-150x150.jpg\" class=\"attachment-thumbnail size-thumbnail\" alt=\"\" srcset=\"https:\/\/karelhladis.cz\/blog\/wp-content\/uploads\/2024\/01\/IMG_3030-150x150.jpg 150w, https:\/\/karelhladis.cz\/blog\/wp-content\/uploads\/2024\/01\/IMG_3030-88x88.jpg 88w\" sizes=\"auto, (max-width: 150px) 100vw, 150px\" \/><\/a>\n\t\t\t<\/dt><\/dl><br style=\"clear: both\" \/>\n\t\t<\/div>\n\n<p>Po n\u00e1vratu jsme <strong>zakotvili v byt\u011b v \u0160ev\u011bt\u00edn\u011b kousek do \u010cesk\u00fdch Bud\u011bjovic<\/strong>, odkud p\u00ed\u0161u i tyto \u0159\u00e1dky.<\/p>\n<h3>Co se ud\u00e1lo v pracovn\u00edm \u017eivot\u011b<\/h3>\n<p><strong>M\u016fj hlavn\u00ed zdroj p\u0159\u00edjmu &#8211; tedy marketingov\u00e9 konzultace e-shop\u016fm &#8211; se nezm\u011bnil.<\/strong> Obrat jsem m\u011bl o 15 % v\u011bt\u0161\u00ed, n\u00e1klady men\u0161\u00ed, \u017e\u00e1dn\u00e9ho v\u011bt\u0161\u00edho klienta jsem neztratil a u n\u011bkter\u00fdch naopak prohloubil spolupr\u00e1ci. V\u0161e se ust\u00e1lilo a zajelo do sv\u00fdch kolej\u00ed.<\/p>\n<p>T\u00e9m\u011b\u0159 v\u0161echny e-shopy v m\u00e9 p\u00e9\u010di rostly i nap\u0159\u00ed\u010d tomu, \u017ee trh samotn\u00fd klesal. P\u0159edloni jsme se u p\u00e1r e-shop\u016f kv\u016fli v\u011bt\u0161\u00edm tr\u017eb\u00e1m st\u011bhovali z gar\u00e1\u017ee do prvn\u00edho skl\u00e1dku &#8211; a u n\u011bkter\u00fdch n\u00e1s bude brzo \u010dekat st\u011bhov\u00e1n\u00ed ze skl\u00e1dku do skladu. Jsou to super p\u0159\u00edb\u011bhy, d\u00edky kter\u00fdm mi ta pr\u00e1ce d\u00e1v\u00e1 smysl.<\/p>\n<p><strong>Nav\u0161t\u00edvil jsem n\u011bkolik v\u011bt\u0161\u00edch akc\u00ed v Praze, ale po jejich absolvov\u00e1n\u00ed jsem si \u0159\u00edkal, \u017ee jsem rad\u011bji nepracoval.<\/strong> ? Absolvoval jsem dva kurzy, kter\u00e9 mi roz\u0161\u00ed\u0159ily obzory &#8211; Google Ads Masterclass a Performance Max Mastery v2 od <a href=\"https:\/\/www.ppcmastery.com\/\">PPC Mastery<\/a> a Tvorba zna\u010dky krok za krokem od <a href=\"https:\/\/l-a-b-a.cz\/\">LABA<\/a>. Ten prvn\u00ed byl skv\u011bl\u00fd a zodpov\u011bd\u011bl mi spoustu nevy\u0159\u010den\u00fdch dotaz\u016f (a vyd\u011blal m\u00fdm klient\u016fm dost pen\u011bz), ten druh\u00fd mi moc nesedl.<\/p>\n<p>Krom\u011b konzultac\u00ed pro e-shopy jsem si <strong>klasicky neodpustil i spoustu men\u0161\u00edch zak\u00e1zek<\/strong> &#8211; vytvo\u0159il jsem n\u011bkolik WordPress web\u016f, nato\u010dil druhou verzi Trello kurzu, prodal zbytek dom\u00e9n a odkonzultoval n\u011bkolik &#8222;byznys poradenstv\u00ed&#8220;.<\/p>\n<p>Taky jsem p\u0159ijal v\u00fdzvu v bud\u011bjck\u00e9m <a href=\"http:\/\/eshoprychle.cz\/\">Eshop-rychle<\/a> a od z\u00e1\u0159\u00ed jim pom\u00e1h\u00e1m budovat <a href=\"https:\/\/blog.eshop-rychle.cz\/eshop-rychle-nove-pomaha-e-shopum-i-s-marketingem\/\">marketingov\u00e9 odd\u011blen\u00ed<\/a>, kter\u00e9 pom\u00e1h\u00e1 klient\u016fm jejich e-shopov\u00e9ho \u0159e\u0161en\u00ed k v\u00edce obchodn\u00edm \u00fasp\u011bch\u016fm. ?<\/p>\n<p><strong>Hodn\u011b m\u011b bavila i pr\u00e1ce okolo komunitn\u00edho projektu <a href=\"https:\/\/www.ctvrtkon.cz\/\">\u010ctvrtkon<\/a><\/strong>, kter\u00fd oslavil 10. narozeniny. Poda\u0159ilo se mi zorganizovat dv\u011b skv\u011bl\u00e9 akce (<a href=\"https:\/\/ctvrtkon.cz\/udalost\/ctvrtkon-102\">\u010ctvrtkon #102<\/a> a <a href=\"https:\/\/ctvrtkon.cz\/udalost\/mkt-ctvrtkon-106\">\u010ctvrtkon #106<\/a>, m\u00e1m radost, \u017ee na n\u011b lidi chod\u00ed a \u017ee o\u017eivuj\u00ed nejen m\u00edstn\u00ed marketingovou komunitu. Pod\u011bkov\u00e1n\u00ed pat\u0159\u00ed i cel\u00e9mu t\u00fdmu, kter\u00fd si krom\u011b jin\u00fdch akc\u00ed p\u0159ipravil i novou vizu\u00e1ln\u00ed identitu, tak\u017ee jsme je\u0161t\u011b v\u011bt\u0161\u00ed fe\u0161\u00e1ci. Za to velk\u00fd d\u00edk <a href=\"https:\/\/www.martinhrabanek.cz\/\">Martinovi Hrab\u00e1nkovi<\/a>.<\/p>\n\n\t\t<style type=\"text\/css\">\n\t\t\t#gallery-2 {\n\t\t\t\tmargin: auto;\n\t\t\t}\n\t\t\t#gallery-2 .gallery-item {\n\t\t\t\tfloat: left;\n\t\t\t\tmargin-top: 10px;\n\t\t\t\ttext-align: center;\n\t\t\t\twidth: 33%;\n\t\t\t}\n\t\t\t#gallery-2 img {\n\t\t\t\tborder: 2px solid #cfcfcf;\n\t\t\t}\n\t\t\t#gallery-2 .gallery-caption {\n\t\t\t\tmargin-left: 0;\n\t\t\t}\n\t\t\t\/* see gallery_shortcode() in wp-includes\/media.php *\/\n\t\t<\/style>\n\t\t<div id='gallery-2' class='gallery galleryid-1699 gallery-columns-3 gallery-size-thumbnail'><dl class='gallery-item'>\n\t\t\t<dt class='gallery-icon landscape'>\n\t\t\t\t<a href='https:\/\/karelhladis.cz\/blog\/muj-rok-2023-a-best-of\/ctvrtkon-106-2695\/'><img loading=\"lazy\" decoding=\"async\" width=\"150\" height=\"150\" src=\"https:\/\/karelhladis.cz\/blog\/wp-content\/uploads\/2024\/01\/ctvrtkon-106-2695-150x150.jpg\" class=\"attachment-thumbnail size-thumbnail\" alt=\"\" srcset=\"https:\/\/karelhladis.cz\/blog\/wp-content\/uploads\/2024\/01\/ctvrtkon-106-2695-150x150.jpg 150w, https:\/\/karelhladis.cz\/blog\/wp-content\/uploads\/2024\/01\/ctvrtkon-106-2695-88x88.jpg 88w\" sizes=\"auto, (max-width: 150px) 100vw, 150px\" \/><\/a>\n\t\t\t<\/dt><\/dl><dl class='gallery-item'>\n\t\t\t<dt class='gallery-icon landscape'>\n\t\t\t\t<a href='https:\/\/karelhladis.cz\/blog\/muj-rok-2023-a-best-of\/ctvrtkon-106-2710\/'><img loading=\"lazy\" decoding=\"async\" width=\"150\" height=\"150\" src=\"https:\/\/karelhladis.cz\/blog\/wp-content\/uploads\/2024\/01\/ctvrtkon-106-2710-150x150.jpg\" class=\"attachment-thumbnail size-thumbnail\" alt=\"\" srcset=\"https:\/\/karelhladis.cz\/blog\/wp-content\/uploads\/2024\/01\/ctvrtkon-106-2710-150x150.jpg 150w, https:\/\/karelhladis.cz\/blog\/wp-content\/uploads\/2024\/01\/ctvrtkon-106-2710-88x88.jpg 88w\" sizes=\"auto, (max-width: 150px) 100vw, 150px\" \/><\/a>\n\t\t\t<\/dt><\/dl><dl class='gallery-item'>\n\t\t\t<dt class='gallery-icon portrait'>\n\t\t\t\t<a href='https:\/\/karelhladis.cz\/blog\/muj-rok-2023-a-best-of\/img_4455\/'><img loading=\"lazy\" decoding=\"async\" width=\"150\" height=\"150\" src=\"https:\/\/karelhladis.cz\/blog\/wp-content\/uploads\/2024\/01\/IMG_4455-150x150.jpg\" class=\"attachment-thumbnail size-thumbnail\" alt=\"\" srcset=\"https:\/\/karelhladis.cz\/blog\/wp-content\/uploads\/2024\/01\/IMG_4455-150x150.jpg 150w, https:\/\/karelhladis.cz\/blog\/wp-content\/uploads\/2024\/01\/IMG_4455-88x88.jpg 88w\" sizes=\"auto, (max-width: 150px) 100vw, 150px\" \/><\/a>\n\t\t\t<\/dt><\/dl><br style=\"clear: both\" \/>\n\t\t<\/div>\n\n<p>Na soci\u00e1ln\u00edch s\u00edt\u00edch jsem utlumil publikov\u00e1n\u00ed, n\u011bjak jsem to po p\u0159\u00edjezdu do \u010cR pot\u0159eboval a zat\u00edm jsem na tom nic nezm\u011bnil. ?<\/p>\n<p>Videa na m\u00e9m Youtube kan\u00e1le m\u011bly 13.600 zhl\u00e9dnut\u00ed &#8211; tedy o 222 % v\u00edc, ne\u017e minul\u00fd rok. A to jsem publikoval jen zlomek vide\u00ed oproti roku 2022 &#8211; jde hezky vid\u011bt, jak to, co jsem tvo\u0159il a budoval v 2022, m\u011blo pozitivn\u00ed dopad d\u00edky &#8222;sn\u011bhov\u00e9 kouli&#8220; i v roce 2023.<\/p>\n<p><a href=\"https:\/\/karelhladis.cz\/blog\/muj-rok-2023-a-best-of\/screenshot-2024-01-03-at-8-07-30\/\"><img loading=\"lazy\" decoding=\"async\" class=\"aligncenter wp-image-1711 size-medium\" src=\"https:\/\/karelhladis.cz\/blog\/wp-content\/uploads\/2024\/01\/Screenshot-2024-01-03-at-8.07.30-300x149.png\" alt=\"\" width=\"300\" height=\"149\" srcset=\"https:\/\/karelhladis.cz\/blog\/wp-content\/uploads\/2024\/01\/Screenshot-2024-01-03-at-8.07.30-300x149.png 300w, https:\/\/karelhladis.cz\/blog\/wp-content\/uploads\/2024\/01\/Screenshot-2024-01-03-at-8.07.30-768x381.png 768w, https:\/\/karelhladis.cz\/blog\/wp-content\/uploads\/2024\/01\/Screenshot-2024-01-03-at-8.07.30-900x447.png 900w, https:\/\/karelhladis.cz\/blog\/wp-content\/uploads\/2024\/01\/Screenshot-2024-01-03-at-8.07.30.png 904w\" sizes=\"auto, (max-width: 300px) 100vw, 300px\" \/><\/a><\/p>\n<p><strong>Letos bych se cht\u011bl k tvorb\u011b vide\u00ed vr\u00e1tit.<\/strong> Kdy\u017e se na to pod\u00edv\u00e1m zp\u011btn\u011b, tak m\u011b to opravdu hodn\u011b bavilo a v\u011b\u0159\u00edm, \u017ee bych to te\u010f dok\u00e1zal d\u011blat mnohem l\u00e9pe. Co\u017e by nebylo zas tak t\u011b\u017ek\u00e9, kdy\u017e se na n\u011bkter\u00e1 star\u0161\u00ed videa pod\u00edv\u00e1m. ?<\/p>\n<p>Z\u00e1rove\u0148 d\u00edky anal\u00fdze vid\u00edm, jak\u00fd typ obsahu byl nejv\u00edc obl\u00edben\u00fd a jak\u00fd vzor tedy replikovat.<\/p>\n<p><strong>Jen mus\u00edm vymyslet, jak tvorbu obsahu v\u00edc zapojit do m\u00e9ho podnik\u00e1n\u00ed, aby z toho byly i n\u011bjak\u00e9 ty ka\u010dky k dobru. Ale o tom v\u00edc t\u0159eba p\u0159\u00ed\u0161t\u011b. ?<\/strong><\/p>\n<p>\u00dapln\u011b stejn\u011b se to m\u00e1 i s m\u00fdm newsletterem, jeho\u017e tvorba m\u011b bavila a za\u010d\u00ednal m\u00edt i fajn \u010d\u00edsla a response rate, ale nezapadalo mi to do toho, co jsem cht\u011bl v p\u0159\u00ed\u0161t\u00edch m\u011bs\u00edc\u00edch d\u011blat. Ur\u010dit\u011b ale na n\u011bj n\u011bkdy nav\u00e1\u017eu, p\u00ed\u0161u r\u00e1d.<\/p>\n<h3>Co se ud\u00e1lo v osobn\u00edm \u017eivot\u011b<\/h3>\n<h4>Cestov\u00e1n\u00ed<\/h4>\n<p>Jo&#8230; Tak to jsme si u\u017eili hodn\u011b. Jsem neskonale vd\u011b\u010dn\u00fd za to, v jak\u00fdch kr\u00e1sn\u00fdch \u010dasech to \u017eijeme, jak\u00e9 m\u00e1m \u0161t\u011bst\u00ed na sv\u00e9 holky a na to, \u017ee se \u017eiv\u00edm t\u00edm, \u010d\u00edm \u017eiv\u00edm.<\/p>\n<p>V prvn\u00ed p\u016flce roku jsme postupn\u011b spali v Nivnici, P\u0159\u00edbrami, Udine, Florencii, Ben\u00e1tk\u00e1ch, Janov\u011b a Nice. V\u0161ude jsme si to u\u017eili &#8211; sta\u010d\u00ed se kouknout na n\u00e1\u0161 blog <a href=\"https:\/\/uhladisu.cz\/\">uhladisu.cz<\/a>. ?<\/p>\n<p><b>Za\u010dali jsme si \u0159\u00edkat, \u017ee se sice u\u017e t\u011b\u0161\u00edme zp\u011bt do \u010cR, ale \u017ee bychom r\u00e1di v zim\u011b na nom\u00e1d\u011bn\u00ed op\u011bt nav\u00e1zali <\/b>&#8211; tyto pl\u00e1ny n\u00e1m ale &#8222;p\u0159ekazila&#8220; zpr\u00e1va o t\u011bhotenstv\u00ed. ? V dob\u011b psan\u00ed t\u011bchto \u0159\u00e1dk\u016f jsme zhruba t\u00fdden-dva p\u0159ed term\u00ednem. N\u00e1\u0161 \u017eivot obohat\u00ed Adam, tak\u017ee budeme m\u00edt jin\u00e9 z\u00e1\u017eitky a radosti ne\u017e ty cestovatelsk\u00e9. ?<\/p>\n<p><a href=\"https:\/\/karelhladis.cz\/blog\/?attachment_id=1731\"><img loading=\"lazy\" decoding=\"async\" class=\"aligncenter wp-image-1731 size-medium\" src=\"https:\/\/karelhladis.cz\/blog\/wp-content\/uploads\/2024\/01\/IMG_4047-225x300.jpg\" alt=\"\" width=\"225\" height=\"300\" srcset=\"https:\/\/karelhladis.cz\/blog\/wp-content\/uploads\/2024\/01\/IMG_4047-225x300.jpg 225w, https:\/\/karelhladis.cz\/blog\/wp-content\/uploads\/2024\/01\/IMG_4047-768x1024.jpg 768w, https:\/\/karelhladis.cz\/blog\/wp-content\/uploads\/2024\/01\/IMG_4047.jpg 810w\" sizes=\"auto, (max-width: 225px) 100vw, 225px\" \/><\/a><\/p>\n<p>Krom\u011b tohoto cestov\u00e1n\u00ed jsem je\u0161t\u011b loni byl tradi\u010dn\u011b na fes\u0165\u00e1ku Rock for People, kter\u00fd byl op\u011bt skv\u011bl\u00fd. Nejv\u00edc jsem si u\u017eil Muse a Enter Shikari a u\u017e vyhl\u00ed\u017e\u00edm RFP 2024. Pokud pojedete, napi\u0161te mi, r\u00e1d se tam s v\u00e1mi potk\u00e1m.<\/p>\n<p>Taky jsem s b\u00fdval\u00fdmi kolegy vypnul hlavu v Chorvatsku a s rodinkou potom ve \u0160t\u00farov\u011b na Slovensku. Jinou dovolenou jsme nezvl\u00e1dli &#8211; krom\u011b p\u00e1r klasick\u00fdch v\u00fdlet\u016f do zoo atd. Jo a je\u0161t\u011b jsem byl s kamar\u00e1dem Ludv\u00edkem na p\u00e1r dn\u00ed v M\u011bln\u00edku &#8211; kousek od n\u011bj je toti\u017e <a href=\"https:\/\/en.mapy.cz\/turisticka?source=base&amp;id=2131758&amp;ds=1&amp;x=14.4603325&amp;y=50.3243218&amp;z=15\">socha Shreka<\/a>. Ne, v\u00e1\u017en\u011b, nekec\u00e1m. ?<\/p>\n\n\t\t<style type=\"text\/css\">\n\t\t\t#gallery-3 {\n\t\t\t\tmargin: auto;\n\t\t\t}\n\t\t\t#gallery-3 .gallery-item {\n\t\t\t\tfloat: left;\n\t\t\t\tmargin-top: 10px;\n\t\t\t\ttext-align: center;\n\t\t\t\twidth: 20%;\n\t\t\t}\n\t\t\t#gallery-3 img {\n\t\t\t\tborder: 2px solid #cfcfcf;\n\t\t\t}\n\t\t\t#gallery-3 .gallery-caption {\n\t\t\t\tmargin-left: 0;\n\t\t\t}\n\t\t\t\/* see gallery_shortcode() in wp-includes\/media.php *\/\n\t\t<\/style>\n\t\t<div id='gallery-3' class='gallery galleryid-1699 gallery-columns-5 gallery-size-thumbnail'><dl class='gallery-item'>\n\t\t\t<dt class='gallery-icon portrait'>\n\t\t\t\t<a href='https:\/\/karelhladis.cz\/blog\/muj-rok-2023-a-best-of\/img_4093\/'><img loading=\"lazy\" decoding=\"async\" width=\"150\" height=\"150\" src=\"https:\/\/karelhladis.cz\/blog\/wp-content\/uploads\/2024\/01\/IMG_4093-150x150.jpg\" class=\"attachment-thumbnail size-thumbnail\" alt=\"\" srcset=\"https:\/\/karelhladis.cz\/blog\/wp-content\/uploads\/2024\/01\/IMG_4093-150x150.jpg 150w, https:\/\/karelhladis.cz\/blog\/wp-content\/uploads\/2024\/01\/IMG_4093-88x88.jpg 88w\" sizes=\"auto, (max-width: 150px) 100vw, 150px\" \/><\/a>\n\t\t\t<\/dt><\/dl><dl class='gallery-item'>\n\t\t\t<dt class='gallery-icon landscape'>\n\t\t\t\t<a href='https:\/\/karelhladis.cz\/blog\/muj-rok-2023-a-best-of\/2229e39d-2f1f-498e-bb03-9587176c5c54\/'><img loading=\"lazy\" decoding=\"async\" width=\"150\" height=\"150\" src=\"https:\/\/karelhladis.cz\/blog\/wp-content\/uploads\/2024\/01\/2229e39d-2f1f-498e-bb03-9587176c5c54-150x150.jpg\" class=\"attachment-thumbnail size-thumbnail\" alt=\"\" srcset=\"https:\/\/karelhladis.cz\/blog\/wp-content\/uploads\/2024\/01\/2229e39d-2f1f-498e-bb03-9587176c5c54-150x150.jpg 150w, https:\/\/karelhladis.cz\/blog\/wp-content\/uploads\/2024\/01\/2229e39d-2f1f-498e-bb03-9587176c5c54-88x88.jpg 88w\" sizes=\"auto, (max-width: 150px) 100vw, 150px\" \/><\/a>\n\t\t\t<\/dt><\/dl><dl class='gallery-item'>\n\t\t\t<dt class='gallery-icon portrait'>\n\t\t\t\t<a href='https:\/\/karelhladis.cz\/blog\/muj-rok-2023-a-best-of\/img_4481\/'><img loading=\"lazy\" decoding=\"async\" width=\"150\" height=\"150\" src=\"https:\/\/karelhladis.cz\/blog\/wp-content\/uploads\/2024\/01\/IMG_4481-150x150.jpg\" class=\"attachment-thumbnail size-thumbnail\" alt=\"\" srcset=\"https:\/\/karelhladis.cz\/blog\/wp-content\/uploads\/2024\/01\/IMG_4481-150x150.jpg 150w, https:\/\/karelhladis.cz\/blog\/wp-content\/uploads\/2024\/01\/IMG_4481-88x88.jpg 88w\" sizes=\"auto, (max-width: 150px) 100vw, 150px\" \/><\/a>\n\t\t\t<\/dt><\/dl><dl class='gallery-item'>\n\t\t\t<dt class='gallery-icon portrait'>\n\t\t\t\t<a href='https:\/\/karelhladis.cz\/blog\/muj-rok-2023-a-best-of\/213bcaed-30b0-4f9b-9efa-de84b1fcfd37\/'><img loading=\"lazy\" decoding=\"async\" width=\"150\" height=\"150\" src=\"https:\/\/karelhladis.cz\/blog\/wp-content\/uploads\/2024\/01\/213BCAED-30B0-4F9B-9EFA-DE84B1FCFD37-150x150.jpg\" class=\"attachment-thumbnail size-thumbnail\" alt=\"\" srcset=\"https:\/\/karelhladis.cz\/blog\/wp-content\/uploads\/2024\/01\/213BCAED-30B0-4F9B-9EFA-DE84B1FCFD37-150x150.jpg 150w, https:\/\/karelhladis.cz\/blog\/wp-content\/uploads\/2024\/01\/213BCAED-30B0-4F9B-9EFA-DE84B1FCFD37-88x88.jpg 88w\" sizes=\"auto, (max-width: 150px) 100vw, 150px\" \/><\/a>\n\t\t\t<\/dt><\/dl><dl class='gallery-item'>\n\t\t\t<dt class='gallery-icon portrait'>\n\t\t\t\t<a href='https:\/\/karelhladis.cz\/blog\/muj-rok-2023-a-best-of\/979198e4-d4d3-4881-a641-18924d6e0aa4\/'><img loading=\"lazy\" decoding=\"async\" width=\"150\" height=\"150\" src=\"https:\/\/karelhladis.cz\/blog\/wp-content\/uploads\/2024\/01\/979198E4-D4D3-4881-A641-18924D6E0AA4-150x150.jpg\" class=\"attachment-thumbnail size-thumbnail\" alt=\"\" srcset=\"https:\/\/karelhladis.cz\/blog\/wp-content\/uploads\/2024\/01\/979198E4-D4D3-4881-A641-18924D6E0AA4-150x150.jpg 150w, https:\/\/karelhladis.cz\/blog\/wp-content\/uploads\/2024\/01\/979198E4-D4D3-4881-A641-18924D6E0AA4-88x88.jpg 88w\" sizes=\"auto, (max-width: 150px) 100vw, 150px\" \/><\/a>\n\t\t\t<\/dt><\/dl><br style=\"clear: both\" \/>\n\t\t<\/div>\n\n<h4>Sport<\/h4>\n<p>P\u0159i cestov\u00e1n\u00ed jsem se musel obej\u00edt bez n\u011bjak\u00e9ho cvi\u010d\u00edc\u00edho p\u0159\u00edslu\u0161enstv\u00ed. Jedin\u00e9, co jsem s sebou m\u011bl, byla klasick\u00e1 podlo\u017eka na cvi\u010den\u00ed, b\u011b\u017eeck\u00e9 boty a v\u011bci na lezen\u00ed.<\/p>\n<p><strong>I proto jsem se udr\u017eoval v kondici cvi\u010den\u00edm dle r\u016fzn\u00fdch &#8222;XX minutes HIIT&#8220; vide\u00edch, jako t\u0159eba <a href=\"https:\/\/www.youtube.com\/watch?v=Yu20j5jGHTc\">tohle<\/a> nebo <a href=\"https:\/\/www.youtube.com\/watch?v=4OLfW8vbDZw\">tohle<\/a>.<\/strong> P\u00e1rkr\u00e1t za m\u011bs\u00edc jsem si i vyb\u011bhl ven &#8211; byla to dobr\u00e1 p\u0159\u00edle\u017eitost poznat i skryt\u00e1 z\u00e1kout\u00ed m\u00edst, ve kter\u00fdch jsme zrovna bydleli.<\/p>\n<p>Lezl jsem nakonec jen jednou Zl\u00edn\u011b a v P\u00edsku a asi 3x v Janov\u011b. V Nice ani Florencii se mi nepoda\u0159ilo naj\u00edt vhodnou st\u011bnu s bouldery.<\/p>\n<p>Po p\u0159\u00edjezdu do \u010cB jsem si u\u017e\u00edval l\u00e9to b\u011bh\u00e1n\u00edm a je\u017ed\u011bn\u00edm na kole po okol\u00ed \u0160ev\u011bt\u00edna. Na vesnick\u00e9m bydlen\u00ed m\u011b nejv\u00edc bav\u00ed to, \u017ee sta\u010d\u00ed 2 minuty, a \u010dlov\u011bk je hned v p\u0159\u00edrod\u011b &#8211; v lese nebo u vody. Chvilky u t\u00e9 na\u0161\u00ed vody jsou sice trochu rozbit\u00e9 zvuky ze sousedn\u00edho kamenolomu, ale v\u0161echno nen\u00ed dokonal\u00e9. ?<\/p>\n<p><strong>Tyto v\u00fdjezdy a v\u00fdb\u011bhy mi v\u017edy p\u0159ipomenou, jak je u n\u00e1s kr\u00e1sn\u011b &#8211; a jak skv\u011ble jsou zna\u010den\u00e9 turistick\u00e9 trasy. ?<\/strong><\/p>\n<p><a href=\"https:\/\/karelhladis.cz\/blog\/muj-rok-2023-a-best-of\/img_4060-1-1\/\" rel=\"attachment wp-att-1743\"><img loading=\"lazy\" decoding=\"async\" class=\"aligncenter wp-image-1743 size-medium\" src=\"https:\/\/karelhladis.cz\/blog\/wp-content\/uploads\/2024\/01\/IMG_4060-1-1-225x300.jpg\" alt=\"\" width=\"225\" height=\"300\" srcset=\"https:\/\/karelhladis.cz\/blog\/wp-content\/uploads\/2024\/01\/IMG_4060-1-1-225x300.jpg 225w, https:\/\/karelhladis.cz\/blog\/wp-content\/uploads\/2024\/01\/IMG_4060-1-1-768x1024.jpg 768w, https:\/\/karelhladis.cz\/blog\/wp-content\/uploads\/2024\/01\/IMG_4060-1-1.jpg 810w\" sizes=\"auto, (max-width: 225px) 100vw, 225px\" \/><\/a><\/p>\n<p>Na podzim jsem se h\u00fdbal m\u00ed\u0148 a p\u0159es zimu jsem z toho vypadl \u00fapln\u011b. ? V p\u016flce listopadu jsme m\u011bli covid, pak spousta pr\u00e1ce na v\u00e1no\u010dn\u00edch kampan\u00edch pro klienty, odstran\u011bn\u00ed osmi\u010dek, sv\u00e1tky&#8230; Blablabla. ?<\/p>\n<p><a href=\"https:\/\/karelhladis.cz\/blog\/muj-rok-2023-a-best-of\/img_4522\/\" rel=\"attachment wp-att-1742\"><img loading=\"lazy\" decoding=\"async\" class=\"size-medium wp-image-1742 aligncenter\" src=\"https:\/\/karelhladis.cz\/blog\/wp-content\/uploads\/2024\/01\/IMG_4522-225x300.jpg\" alt=\"\" width=\"225\" height=\"300\" srcset=\"https:\/\/karelhladis.cz\/blog\/wp-content\/uploads\/2024\/01\/IMG_4522-225x300.jpg 225w, https:\/\/karelhladis.cz\/blog\/wp-content\/uploads\/2024\/01\/IMG_4522-768x1024.jpg 768w, https:\/\/karelhladis.cz\/blog\/wp-content\/uploads\/2024\/01\/IMG_4522.jpg 810w\" sizes=\"auto, (max-width: 225px) 100vw, 225px\" \/><\/a><\/p>\n<h4>Deskov\u00e9 hry a \u0161achy<\/h4>\n<p>Loni jsem odehr\u00e1l 35 her, co\u017e je o p\u00e1r her m\u00e9n\u011b, ne\u017e rok p\u0159edt\u00edm. Po\u0159\u00e1d p\u0159evl\u00e1daly hry z D\u00e1\u0161ou &#8211; celkem 28 z 35&#8230; Ke klasick\u00fdm dvojkovk\u00e1m Splendor: Duel a 7 Wonders: Duel jsme p\u0159idali nov\u011b i skv\u011blou a nap\u00ednavou Watergate.<\/p>\n<p><a href=\"https:\/\/karelhladis.cz\/blog\/?attachment_id=1712\"><img loading=\"lazy\" decoding=\"async\" class=\"aligncenter wp-image-1712 size-medium\" src=\"https:\/\/karelhladis.cz\/blog\/wp-content\/uploads\/2024\/01\/deskovky2023-1-229x300.jpeg\" alt=\"\" width=\"229\" height=\"300\" srcset=\"https:\/\/karelhladis.cz\/blog\/wp-content\/uploads\/2024\/01\/deskovky2023-1-229x300.jpeg 229w, https:\/\/karelhladis.cz\/blog\/wp-content\/uploads\/2024\/01\/deskovky2023-1-780x1024.jpeg 780w, https:\/\/karelhladis.cz\/blog\/wp-content\/uploads\/2024\/01\/deskovky2023-1-768x1008.jpeg 768w, https:\/\/karelhladis.cz\/blog\/wp-content\/uploads\/2024\/01\/deskovky2023-1-900x1182.jpeg 900w, https:\/\/karelhladis.cz\/blog\/wp-content\/uploads\/2024\/01\/deskovky2023-1.jpeg 1125w\" sizes=\"auto, (max-width: 229px) 100vw, 229px\" \/><\/a><\/p>\n<p>Na Chess.com se mi docela da\u0159ilo. Hr\u00e1l jsem p\u0159edev\u0161\u00edm 5 minutov\u00e9 blitzky &#8211; celkem 843 her, 49 % v\u00fdhry, 4 % rem\u00edzy, 47 % prohry. T\u00edm jsem se ust\u00e1lil na ELO okolo 1000, co\u017e je 25% n\u00e1r\u016fst oproti lo\u0148sk\u00e9mu roku. ?<\/p>\n<p><strong>Op\u011bt se mi potvrdilo, \u017ee m\u00fdm nejv\u011bt\u0161\u00edm soupe\u0159em jsem j\u00e1 s\u00e1m a m\u00e9 soust\u0159ed\u011bn\u00ed na hru.<\/strong><\/p>\n<h4>Hudba<\/h4>\n<p>Na Spotify vid\u00edm, \u017ee jsem poslouchal 3.770 p\u00edsni\u010dek po dobu 30.900 minut. Nej\u010dast\u011bji poslouch\u00e1m samoz\u0159ejm\u011b p\u0159i pr\u00e1ci &#8211; to u m\u011b vedou playlisty jako <a href=\"https:\/\/open.spotify.com\/playlist\/2b6Lacg3z5TYDTM1WJvGsC?si=9db858b81b34411b\">Japanese Trap &amp; Bass<\/a>, <a href=\"https:\/\/open.spotify.com\/playlist\/37i9dQZF1DX6J5NfMJS675?si=7c6f0c4fa8e143fe\">Techno Bunker<\/a> nebo <a href=\"https:\/\/open.spotify.com\/playlist\/37i9dQZF1DX5wDmLW735Yd?si=92d57168323a4ef1\">Massive Drum &amp; Bass<\/a>. Prost\u011b trochu divo\u010diny, kde se ide\u00e1ln\u011b moc nemluv\u00ed. ? Ten posledn\u00ed jsem u\u017e p\u0159estal poslouchat, proto\u017ee jsem si je za\u010dal pamatovat a jejich pobrukov\u00e1n\u00ed m\u011b p\u0159i pr\u00e1ci ru\u0161ilo.<\/p>\n<p>\u017d\u00e1dn\u00fd &#8222;norm\u00e1ln\u00ed&#8220; interpret mi v reperto\u00e1ru nep\u0159ibyl. P\u0159i cestov\u00e1n\u00ed nebo &#8222;jen tak&#8220; jsem nejrad\u011bji poslouchal novinku <a href=\"https:\/\/open.spotify.com\/album\/7gXR9Abk3ybA6DmEl5PmUG?si=04ef210a47e049fc\">LOST DEMOS<\/a> od Linkin Park, <a href=\"https:\/\/open.spotify.com\/artist\/6xBZgSMsnKVmaAxzWEwMSD?si=53NjhepmR_KJzKJOl2MlRw\">Mika Shinodu<\/a> nebo skv\u011bl\u00e9 album <a href=\"https:\/\/open.spotify.com\/album\/5qK8S5JRF8au6adIVtBsmk?si=d7SbiPUUSJOwTtbgJvmEkg\">Will Of The People<\/a> od Muse. To m\u011b bavilo hodn\u011b. Z \u010desk\u00e9 muziky jsem poslouchal jedin\u011b <a href=\"https:\/\/open.spotify.com\/artist\/2EjBCwIB8BXPEdWQKTeEqN?si=0f4b1eee71104e5a\">Fast Foody<\/a> a trochu nov\u00e9 album z koncertu od <a href=\"https:\/\/open.spotify.com\/album\/4PyLAooMcuZ4ZWvL1hofW3?si=QeEcm2TES_aGQQdiqWjT0g\">Polet\u00edme &#8211; Best of do gramofonu (live)<\/a>.<\/p>\n<p><img loading=\"lazy\" decoding=\"async\" class=\"wp-image-1713 size-large aligncenter\" src=\"https:\/\/karelhladis.cz\/blog\/wp-content\/uploads\/2024\/01\/Screenshot-2024-01-03-at-8.30.40-1024x459.jpg\" alt=\"\" width=\"629\" height=\"282\" srcset=\"https:\/\/karelhladis.cz\/blog\/wp-content\/uploads\/2024\/01\/Screenshot-2024-01-03-at-8.30.40-1024x459.jpg 1024w, https:\/\/karelhladis.cz\/blog\/wp-content\/uploads\/2024\/01\/Screenshot-2024-01-03-at-8.30.40-300x134.jpg 300w, https:\/\/karelhladis.cz\/blog\/wp-content\/uploads\/2024\/01\/Screenshot-2024-01-03-at-8.30.40-768x344.jpg 768w, https:\/\/karelhladis.cz\/blog\/wp-content\/uploads\/2024\/01\/Screenshot-2024-01-03-at-8.30.40-900x403.jpg 900w, https:\/\/karelhladis.cz\/blog\/wp-content\/uploads\/2024\/01\/Screenshot-2024-01-03-at-8.30.40-1280x574.jpg 1280w, https:\/\/karelhladis.cz\/blog\/wp-content\/uploads\/2024\/01\/Screenshot-2024-01-03-at-8.30.40.jpg 1352w\" sizes=\"auto, (max-width: 629px) 100vw, 629px\" \/><\/p>\n<h4>Knihy a komiksy<\/h4>\n<p><strong>V zahrani\u010d\u00ed jsem \u010detl hodn\u011b beletrie d\u00edky \u010dte\u010dce<\/strong> &#8211; bavil m\u011b Blade Runner, Pod kupol\u00ed nebo pov\u00eddkov\u00fd V\u00fddech. \u0160patn\u00e9 nebyly ani pov\u00eddky od Kinga ve sb\u00edrce Mlha.<\/p>\n<p>Z non-fiction literatury jsem p\u0159e\u010detl marketingov\u00e9 klasiky <a href=\"https:\/\/www.goodreads.com\/book\/show\/43787527-sell-like-crazy\">Sell Like Crazy<\/a> a <a href=\"https:\/\/www.goodreads.com\/book\/show\/25054961-dotcom-secrets\">DotCom Secrets<\/a>, abych dohnal n\u011bjak\u00e9 rest\u00edky. Hodn\u011b m\u011b bavily i <a href=\"https:\/\/www.databazeknih.cz\/knihy\/nastroje-titanov-346554\">N\u00e1stroje tit\u00e1n\u016f<\/a> od Ferrisse &#8211; hodn\u011b mi sedl &#8222;pov\u00eddkov\u00fd&#8220; form\u00e1t &#8211; <strong>kniha se d\u00e1 otev\u0159\u00edt na jak\u00e9koliv str\u00e1nce a jen tak se za\u010d\u00edst do p\u0159\u00edb\u011bh\u016f a pov\u00edd\u00e1n\u00ed zaj\u00edmav\u00fdch lid\u00ed<\/strong>. Opomenout nesm\u00edm ani <a href=\"https:\/\/www.goodreads.com\/book\/show\/55148500-the-almanack-of-naval-ravikant?ref=nav_sb_ss_1_11\">The Almanack of Naval Ravikant<\/a>, jednu z m\u00e1la knih, kter\u00e9 jsem v \u017eivot\u011b \u010detl v\u00edckr\u00e1t, ne\u017e jednou.<\/p>\n<p><strong>Po p\u0159\u00edjezdu do \u010cR jsem tr\u00e1vil spoustu p\u0159\u00edjemn\u00fdch ve\u010der\u016f \u010dten\u00edm komiks\u016f (a kupov\u00e1n\u00edm nov\u00fdch).<\/strong> ? Aktu\u00e1ln\u011b jich m\u00e1m na 4 kalaxov\u00e9 ok\u00fdnka a m\u00e1m pocit, \u017ee jich je\u0161t\u011b p\u0159\u00ed\u0161t\u00ed rok p\u00e1r p\u0159ibude.<\/p>\n<p>Takhle n\u011bjak p\u0159i \u010dten\u00ed komiks\u016f vypad\u00e1m:<\/p>\n<p><a href=\"https:\/\/karelhladis.cz\/blog\/muj-rok-2023-a-best-of\/e109d5e4-38bd-41bf-b94c-29656274a223\/\" rel=\"attachment wp-att-1739\"><img loading=\"lazy\" decoding=\"async\" class=\"size-medium wp-image-1739 aligncenter\" src=\"https:\/\/karelhladis.cz\/blog\/wp-content\/uploads\/2024\/01\/E109D5E4-38BD-41BF-B94C-29656274A223-169x300.jpg\" alt=\"\" width=\"169\" height=\"300\" srcset=\"https:\/\/karelhladis.cz\/blog\/wp-content\/uploads\/2024\/01\/E109D5E4-38BD-41BF-B94C-29656274A223-169x300.jpg 169w, https:\/\/karelhladis.cz\/blog\/wp-content\/uploads\/2024\/01\/E109D5E4-38BD-41BF-B94C-29656274A223-576x1024.jpg 576w, https:\/\/karelhladis.cz\/blog\/wp-content\/uploads\/2024\/01\/E109D5E4-38BD-41BF-B94C-29656274A223.jpg 608w\" sizes=\"auto, (max-width: 169px) 100vw, 169px\" \/><\/a><\/p>\n<p>Komiksy jsou pro m\u011b perfektn\u00ed relax, dok\u00e1\u017eu u toho kr\u00e1sn\u011b vypnout a \u010dten\u00ed si u\u017e\u00edt. I d\u00edky nim nepot\u0159ebuju koukat na seri\u00e1ly a je to i jeden z d\u016fvod\u016f, pro\u010d nem\u00e1me televizi.<\/p>\n<p><strong>I kdy\u017e televize by byla asi levn\u011bj\u0161\u00ed.<\/strong> ?<\/p>\n<p>Nakupov\u00e1n\u00ed komiks\u016f m\u00e1 pro m\u011b ale i tu v\u00fdhodu, \u017ee si je m\u016f\u017eu za 2-3 roky p\u0159e\u010d\u00edst znovu, proto\u017ee do t\u00e9 doby spoustu detail\u016f z d\u011bje zapomenu, tak\u017ee od ur\u010dit\u00e9ho mno\u017estv\u00ed \u010dtiva m\u016f\u017eu p\u0159estat nakupovat nov\u00e9 komiksy a jen \u010d\u00edst ty st\u00e1vaj\u00edc\u00ed.<\/p>\n<p>Ne, to byl jen blb\u00fd vtip.<\/p>\n<p>Komiksy nakupovat nep\u0159estanu.<\/p>\n<h4>Investice<\/h4>\n<p><strong>Koncem roku 2022 jsem se zbavil v\u011bt\u0161iny &#8222;investi\u010dn\u00edch instrument\u016f&#8220;, kter\u00e9 mi akor\u00e1t p\u0159id\u00e1valy starosti u\u017e jen t\u00edm, \u017ee jsem na n\u011b musel m\u00edt v hlav\u011b vyhrazen\u00e9 n\u011bjak\u00e9 m\u00edste\u010dko &#8211; \u0161lo hlavn\u011b krypto a zlato.<\/strong><\/p>\n<p>V roce 2023 jsem se rozhodl pro rebalancov\u00e1n\u00ed portfolia tak, abych m\u011bl 40 % v akci\u00edch (v\u0161e Portu, Fondee jsem zru\u0161il), 40 % na spo\u0159\u00e1ku a 20 % v nemovitostech p\u0159es Investown. Tyto procenta se mi moc dr\u017eet neda\u0159ilo, hlavn\u011b na stran\u011b spo\u0159\u00e1ku. ?<\/p>\n<p>V\u00fddaje spojen\u00e9 s cestov\u00e1n\u00edm a n\u00e1sledn\u00fdm st\u011bhov\u00e1n\u00edm a za\u0159izov\u00e1n\u00edm bytu mi nedovolily odkl\u00e1dat tolik, kolik bych cht\u011bl. Ale po\u0159\u00e1d to bylo v r\u00e1mci mezi p\u0159ijateln\u00e9 a jsem rozhodn\u011b klidn\u011bj\u0161\u00ed a spokojen\u011bj\u0161\u00ed se sv\u00fdm portfoliem, ne\u017e minul\u00fd rok.<\/p>\n<p>P\u0159ed cestov\u00e1n\u00edm jsem dal do prodeje byt v Bud\u011bjc\u00edch, ze kter\u00e9ho jsme se p\u016fvodn\u011b st\u011bhovali. I kv\u016fli vysok\u00fdm hypot\u00e9k\u00e1m mi \u017e\u00e1dn\u00fd z\u00e1jemce necht\u011bl d\u00e1t tolik pen\u011bz, kolik jsem j\u00e1 cht\u011bl. Tak\u017ee jsem ho na rok 2023 pronajal. N\u00e1jemci smlouvu na tento neprodlou\u017eili, tak\u017ee jsem byt dal znovu k prodeji. Z\u00e1jemc\u016f bylo v\u00edc, ne\u017e p\u0159ed rokem, ale nikdo v\u00e1\u017en\u00fd se neobjevil. V lednu nech\u00e1v\u00e1m byt pr\u00e1zdn\u00fd, budou je\u0161t\u011b n\u011bjak\u00e9 prohl\u00eddky na prodej a od \u00fanora bych tam r\u00e1d na\u0161el n\u00e1jemce, zase na rok, ne\u017e zkus\u00edm byt prodat znovu.<\/p>\n<p><a href=\"https:\/\/karelhladis.cz\/blog\/muj-rok-2023-a-best-of\/380167755_2524438774399214_5079902976658553186_n\/\" rel=\"attachment wp-att-1755\"><img loading=\"lazy\" decoding=\"async\" class=\"aligncenter size-medium wp-image-1755\" src=\"https:\/\/karelhladis.cz\/blog\/wp-content\/uploads\/2024\/01\/380167755_2524438774399214_5079902976658553186_n-300x200.jpg\" alt=\"\" width=\"300\" height=\"200\" srcset=\"https:\/\/karelhladis.cz\/blog\/wp-content\/uploads\/2024\/01\/380167755_2524438774399214_5079902976658553186_n-300x200.jpg 300w, https:\/\/karelhladis.cz\/blog\/wp-content\/uploads\/2024\/01\/380167755_2524438774399214_5079902976658553186_n-1024x683.jpg 1024w, https:\/\/karelhladis.cz\/blog\/wp-content\/uploads\/2024\/01\/380167755_2524438774399214_5079902976658553186_n-768x512.jpg 768w, https:\/\/karelhladis.cz\/blog\/wp-content\/uploads\/2024\/01\/380167755_2524438774399214_5079902976658553186_n-1536x1024.jpg 1536w, https:\/\/karelhladis.cz\/blog\/wp-content\/uploads\/2024\/01\/380167755_2524438774399214_5079902976658553186_n-900x600.jpg 900w, https:\/\/karelhladis.cz\/blog\/wp-content\/uploads\/2024\/01\/380167755_2524438774399214_5079902976658553186_n-1280x853.jpg 1280w, https:\/\/karelhladis.cz\/blog\/wp-content\/uploads\/2024\/01\/380167755_2524438774399214_5079902976658553186_n.jpg 1920w\" sizes=\"auto, (max-width: 300px) 100vw, 300px\" \/><\/a><\/p>\n<h3>Co m\u011b v roce 2023 bavilo a doporu\u010dil bych i v\u00e1m?<\/h3>\n<h4>Farm\u00e1\u0159sk\u00e9 v\u00fdrobky, Scuk a kysel\u00e9 pivo<\/h4>\n<p>Kousek od \u0160ev\u011bt\u00edna je farma, kam si jezd\u00edme v sobotu na kvalitn\u00ed ml\u00e9k\u00e1rensk\u00e9 v\u00fdrobky. To n\u00e1s p\u0159ivedlo i k objedn\u00e1vk\u00e1m farm\u00e1\u0159sk\u00fdch potravin na <a href=\"https:\/\/scuk.cz\/\">Scuk.cz<\/a> &#8211; ten m\u016f\u017ee i za m\u00e9 pravideln\u00e9 objedn\u00e1vky kysel\u00fdch piv, tzv. sour\u016f. Loni mi nejv\u00edc chutnal <a href=\"https:\/\/www.scuk.cz\/sour\/p\/E18LMDWm\">Very Merry Tropically 12\u00b0 Sour Ale, 0,75 l<\/a>, kter\u00fd v\u0161em doporu\u010duju. A d\u00edky tomu, \u017ee jsou tyto speci\u00e1ly tak drah\u00e9, tak toho aspo\u0148 \u010dlov\u011bk nevypije kvanta, ale sp\u00ed\u0161 si to v\u00edc vychutn\u00e1v\u00e1 (pokud toho jste s kysel\u00fdm pivem schopni a m\u00e1te to \u0161t\u011bst\u00ed, \u017ee je v\u00e1m po chuti ?).<\/p>\n<h4>Deskov\u00e1 hra &#8211; <a href=\"https:\/\/www.zatrolene-hry.cz\/spolecenska-hra\/anno-1800-10953\/\">ANNO 1800<\/a><\/h4>\n<p>Za m\u011b je hra ANNO 1800 jednozna\u010dn\u011b deskovkov\u00fdm objevem roku. Pro \u00faplnost ale zmi\u0148uji, \u017ee moc novinek jsem nehr\u00e1l. Nicm\u00e9n\u011b moji hern\u00ed skupinu to hodn\u011b bavilo a nen\u00ed divu &#8211; propleten\u00e1 budovatelsk\u00e1 cesta je opravdu hodn\u011b z\u00e1bavn\u00e1 a uspokojiv\u00e1. A funguje ve 2, 3 i ve 4 hr\u00e1\u010d\u00edch. Hru designoval Martin Wallace, kter\u00fd m\u00e1 na sv\u011bdom\u00ed design i moment\u00e1ln\u011b nejl\u00e9pe hodnocen\u00e9 hry na sv\u011bt\u011b dle port\u00e1lu BoardGameGeek &#8211; Brass: Birmingham.<\/p>\n<p>Nav\u00edc p\u0159\u00ed\u0161t\u00ed rok p\u0159ijde roz\u0161\u00ed\u0159en\u00ed, na kter\u00e9 se hodn\u011b t\u011b\u0161\u00edm.<\/p>\n<div id=\"attachment_1744\" style=\"width: 179px\" class=\"wp-caption aligncenter\"><a href=\"https:\/\/karelhladis.cz\/blog\/muj-rok-2023-a-best-of\/b17d550a-b36b-4a06-a618-9798f72c5858\/\" rel=\"attachment wp-att-1744\"><img loading=\"lazy\" decoding=\"async\" aria-describedby=\"caption-attachment-1744\" class=\"size-medium wp-image-1744\" src=\"https:\/\/karelhladis.cz\/blog\/wp-content\/uploads\/2024\/01\/B17D550A-B36B-4A06-A618-9798F72C5858-169x300.jpg\" alt=\"tady toho strejdu uspokoj\u00ed pivo a p\u00e1lenka\" width=\"169\" height=\"300\" srcset=\"https:\/\/karelhladis.cz\/blog\/wp-content\/uploads\/2024\/01\/B17D550A-B36B-4A06-A618-9798F72C5858-169x300.jpg 169w, https:\/\/karelhladis.cz\/blog\/wp-content\/uploads\/2024\/01\/B17D550A-B36B-4A06-A618-9798F72C5858-576x1024.jpg 576w, https:\/\/karelhladis.cz\/blog\/wp-content\/uploads\/2024\/01\/B17D550A-B36B-4A06-A618-9798F72C5858.jpg 608w\" sizes=\"auto, (max-width: 169px) 100vw, 169px\" \/><\/a><p id=\"caption-attachment-1744\" class=\"wp-caption-text\">tady toho strejdu uspokoj\u00ed pivo a p\u00e1lenka<\/p><\/div>\n<h4>Hudba &#8211; <a href=\"https:\/\/open.spotify.com\/album\/7gXR9Abk3ybA6DmEl5PmUG?si=Yq43p0kpQEK6Jrxu5AeYVA\">Linkin Park &#8211; LOST DEMOS<\/a><\/h4>\n<p>Tohle m\u011b hodn\u011b bavilo&#8230; Doslova hlas ze z\u00e1hrob\u00ed. Prvn\u00ed p\u00edsni\u010dky z tohoto alba jsou opravdu skv\u011bl\u00e9 a maj\u00ed ten spr\u00e1vn\u00fd &#8222;old linkin park vibe&#8220; z \u010das\u016f Meteory. N\u011bkter\u00e9 p\u00edsni\u010dky m\u011bly zn\u00e1mou melodii u\u017e z p\u0159ede\u0161l\u00fdch demo nahr\u00e1vek z LP Underground (t\u0159eba More the Victim), nicm\u00e9n\u011b v tomto albu jsou dopln\u011bn\u00e9 o zp\u011bv.<\/p>\n<h4>Kniha &#8211; <a href=\"https:\/\/www.melvil.cz\/kniha-prezit\/\">P\u0159e\u017e\u00edt &#8211; Peter Attia<\/a><\/h4>\n<p>Doposud jsem nad sv\u00fdm st\u00e1\u0159\u00edm nijak nep\u0159em\u00fd\u0161lel. Ob\u010das jsem ze srandy utrousil, \u017ee u\u017e se na d\u016fchod t\u011b\u0161\u00edm, proto\u017ee bude spousta \u010dasu na aktivity, na kter\u00e9 si te\u010f moc \u010dasu neud\u011bl\u00e1m &#8211; nap\u0159\u00edklad lu\u0161t\u011bn\u00ed k\u0159\u00ed\u017eovek, \u0161achy, hran\u00ed na kytaru, malov\u00e1n\u00ed figurek, \u010dten\u00ed, kouk\u00e1n\u00ed na seri\u00e1ly, va\u0159en\u00ed vlastn\u00edho piva&#8230;<\/p>\n<p><strong>Tato kniha ale p\u0159edest\u0159ela zaj\u00edmav\u00fd probl\u00e9m &#8211; v jak\u00e9 form\u011b se tohoto d\u016fchodu do\u017eiju? A \u010deho chci b\u00fdt t\u0159eba v 80 letech schopen?<\/strong><\/p>\n<p>Peter Attia n\u00e1s vyb\u00edz\u00ed k tomu, abychom p\u0159em\u00fd\u0161leli i nad t\u00edm, jak\u00e9 &#8222;b\u011b\u017en\u00e9 aktivity&#8220; budeme cht\u00edt d\u011blat, a \u017ee to vlastn\u011b nen\u00ed takov\u00e9 samoz\u0159ejmost &#8211; zvednout vnou\u010de, vyj\u00edt 3 patra, un\u00e9st 2 ta\u0161ky s n\u00e1kupem. A \u017ee je pot\u0159eba se na tohle v\u0161echno p\u0159ipravovat u\u017e te\u010f &#8211; jako takov\u00e1 forma &#8222;investov\u00e1n\u00ed&#8220;.<\/p>\n<p>Knihu je\u0161t\u011b do\u010d\u00edt\u00e1m, po p\u0159e\u010dten\u00ed si projdu z\u00e1pisky ke strav\u011b a cvi\u010den\u00ed a zamysl\u00edm se, jak by m\u011bl vypadat podzim m\u00e9ho \u017eivota. A &#8211; jak p\u00ed\u0161e Peter &#8211; kolik chci investovat v p\u0159\u00ed\u0161t\u00edch desetilet\u00edch, abych m\u011bl ty posledn\u00ed desetilet\u00ed co nejkvalitn\u011bj\u0161\u00ed.<\/p>\n<p><strong>Chilli om\u00e1\u010dka &#8211;\u00a0<a href=\"https:\/\/www.huhuchilli.cz\/huhu-koktejl\/\">Huhu koktejl<\/a><\/strong><\/p>\n<p>Jo, tak tohle byl opravdu poveden\u00fd v\u00e1no\u010dn\u00ed d\u00e1rek od Ludv\u00edka. Skv\u011bl\u00e1 kombinace p\u00e1livosti a sladkokysel\u00e9 chuti, kv\u016fli kter\u00e9 m\u00e1m tak r\u00e1d kysel\u00e1 piva. Doporu\u010duju &#8211; mo\u017en\u00e9 zakoupit i v <a href=\"https:\/\/www.huhuchilli.cz\/ochutnavkovy-huhu-set\/\">ochutn\u00e1vkov\u00e9m setu<\/a>.<\/p>\n<h4>Komiks &#8211; pokra\u010dov\u00e1n\u00ed Str\u00e1\u017ec\u016f, Batman a Hellboy<\/h4>\n<p>Tyto 3 s\u00e9rie m\u011b letos bavily nejv\u00edc. \u010cestn\u00e1 zm\u00ednka je\u0161t\u011b s\u00e9rii <a href=\"https:\/\/www.databazeknih.cz\/serie\/modra-crew-svetove-komiksy-cesky-6748\">Hroba\u0159<\/a> (1-6) z Modr\u00e9 Crew.<\/p>\n<p><a href=\"https:\/\/karelhladis.cz\/blog\/muj-rok-2023-a-best-of\/b66a838c-d847-40a5-9784-4522c82b62e7\/\" rel=\"attachment wp-att-1745\"><img loading=\"lazy\" decoding=\"async\" class=\"aligncenter size-medium wp-image-1745\" src=\"https:\/\/karelhladis.cz\/blog\/wp-content\/uploads\/2024\/01\/B66A838C-D847-40A5-9784-4522C82B62E7-169x300.jpg\" alt=\"\" width=\"169\" height=\"300\" srcset=\"https:\/\/karelhladis.cz\/blog\/wp-content\/uploads\/2024\/01\/B66A838C-D847-40A5-9784-4522C82B62E7-169x300.jpg 169w, https:\/\/karelhladis.cz\/blog\/wp-content\/uploads\/2024\/01\/B66A838C-D847-40A5-9784-4522C82B62E7-576x1024.jpg 576w, https:\/\/karelhladis.cz\/blog\/wp-content\/uploads\/2024\/01\/B66A838C-D847-40A5-9784-4522C82B62E7.jpg 608w\" sizes=\"auto, (max-width: 169px) 100vw, 169px\" \/><\/a><\/p>\n<p>U <a href=\"https:\/\/www.databazeknih.cz\/serie\/pred-strazci-4810\">pokra\u010dov\u00e1n\u00ed Str\u00e1\u017ec\u016f<\/a> se mi l\u00edbilo, jak hezky prohloubily p\u016fvodn\u00ed geni\u00e1ln\u011b vytvo\u0159en\u00fd <a href=\"https:\/\/www.databazeknih.cz\/knihy\/watchmen-strazci-40672\">komiks Alana Moora<\/a>. Z batmanov\u00fdch komiks\u016f, kter\u00e9 jsem p\u0159e\u010detl, bych ur\u010dit\u011b zm\u00ednil <a href=\"https:\/\/www.databazeknih.cz\/knihy\/legendy-marvel-batman-cerne-zrcadlo-481091\">\u010cern\u00e9 zrcadlo<\/a>, <a href=\"https:\/\/www.databazeknih.cz\/knihy\/batman-kamenak-a-dalsi-pribehy-166832\">Kame\u0148\u00e1k<\/a> a <a href=\"https:\/\/www.databazeknih.cz\/knihy\/new-52-batman-batman-sovi-tribunal-165536\">Sov\u00ed tribun\u00e1l<\/a>. A <a href=\"https:\/\/www.databazeknih.cz\/serie\/hellboy-11299\">Hellboy<\/a> je prost\u011b skv\u011bl\u00fd svoj\u00ed alternativn\u00ed histori\u00ed a r\u016fznorodost\u00ed vydan\u00fdch p\u0159\u00edb\u011bh\u016f.<\/p>\n<p><a href=\"https:\/\/karelhladis.cz\/blog\/muj-rok-2023-a-best-of\/3ff0298b-b38c-4e1e-a6cd-8328123a41d2\/\" rel=\"attachment wp-att-1746\"><img loading=\"lazy\" decoding=\"async\" class=\"aligncenter size-medium wp-image-1746\" src=\"https:\/\/karelhladis.cz\/blog\/wp-content\/uploads\/2024\/01\/3FF0298B-B38C-4E1E-A6CD-8328123A41D2-169x300.jpg\" alt=\"\" width=\"169\" height=\"300\" srcset=\"https:\/\/karelhladis.cz\/blog\/wp-content\/uploads\/2024\/01\/3FF0298B-B38C-4E1E-A6CD-8328123A41D2-169x300.jpg 169w, https:\/\/karelhladis.cz\/blog\/wp-content\/uploads\/2024\/01\/3FF0298B-B38C-4E1E-A6CD-8328123A41D2-576x1024.jpg 576w, https:\/\/karelhladis.cz\/blog\/wp-content\/uploads\/2024\/01\/3FF0298B-B38C-4E1E-A6CD-8328123A41D2.jpg 608w\" sizes=\"auto, (max-width: 169px) 100vw, 169px\" \/><\/a><\/p>\n<p><strong>Recept &#8211; <a href=\"https:\/\/www.mycookingdiary.cz\/recept\/punjabi-dal-makhani\/\">punjabi dal makhani<\/a> a <a href=\"https:\/\/www.sambalshop.cz\/zbozi\/asiabox-darkovy-set-na-pripravu-chow-mein\/\">chow mein<\/a><\/strong><\/p>\n<p>Oboj\u00ed jsem loni va\u0159il n\u011bkolikr\u00e1t. \u010co\u010dka je d\u00edky n\u011bkolikahodinov\u00e9mu va\u0159en\u00ed opravdu delik\u00e1tn\u00ed a nudle lep\u0161\u00ed, ne\u017e od \u010d\u00ed\u0148ana. Oboj\u00ed doporu\u010duju!<\/p>\n<p><strong>Newslettery<\/strong><\/p>\n<p>Newslettery jsou pro m\u011b jedn\u00edm z hlavn\u00edch zdroj\u016f nov\u00fdch informac\u00ed a podn\u011bt\u016f. V posledn\u00edch m\u011bs\u00edc\u00edch m\u011b bavil newsletter <a href=\"https:\/\/makerbox.ck.page\/weekly-dan\">Dana Kulkova<\/a>, l\u00edb\u00ed se mi, co prov\u00e1d\u00ed s jeho &#8222;AI wrappery&#8220;. Ob\u010das byly zaj\u00edmav\u00e9 podn\u011bty i v newsletteru od <a href=\"https:\/\/colbynewsletter.ck.page\/\">Colbyho<\/a>, <a href=\"https:\/\/aliabdaal.com\/newsletter\/\">Aliho Abdaala<\/a> nebo <a href=\"https:\/\/brainstorms.substack.com\/subscribe\">Jakoba Greenfelda<\/a>.<\/p>\n<p>Z t\u011bch \u010desk\u00fdch jsem \u010detl pravideln\u00fd newsletter od <a href=\"https:\/\/magazin.portu.cz\/newslettery\/\">Portu<\/a>, <a href=\"https:\/\/www.newslettery.cz\/subscribe\">Martina Kavky<\/a>, <a href=\"https:\/\/milejzlatej.substack.com\/subscribe\">Romana V\u011b\u017en\u00edka<\/a>, <a href=\"https:\/\/filipmolcan.substack.com\/subscribe\">Filipa Mol\u010dana<\/a>, <a href=\"https:\/\/petraontheway.com\/newsletter\">Petry V\u011btrovsk\u00e9<\/a> a od <a href=\"https:\/\/mitonainewsletter.substack.com\/\">Mitonu k AI<\/a>.<\/p>\n<p>M\u00e1te tip na zaj\u00edmav\u00fd newsletter? Po\u0161lete mi ho. Je to m\u016fj obl\u00edben\u00fd zp\u016fsob, jak konzumovat obsah, proto\u017ee si s\u00e1m pe\u010dliv\u011b vyb\u00edr\u00e1m, koho odeb\u00edr\u00e1m a kdy si zpr\u00e1vu p\u0159e\u010dtu.<\/p>\n<h4>Lep\u0161\u00ed nom\u00e1d\u011bn\u00ed<\/h4>\n<p>Na nom\u00e1d\u011bn\u00ed jsem nakoupil spoustu r\u016fzn\u00e9 v\u00fdbavy&#8230; Ale nejv\u00edc jsem pou\u017e\u00edval stejn\u011b protihlukov\u00e9 sluch\u00e1tka <a href=\"https:\/\/www.sony.cz\/electronics\/sluchatka-s-paskem\/wh-1000xm3\">SONY WH-1000XM3<\/a> a p\u0159i \u0159\u00edzen\u00ed autem jsem si u\u017e\u00edval toho, \u017ee jsem nebyl l\u00edn\u00fd a po\u0159\u00eddil si \u010do\u010dky. D\u00edky \u010do\u010dk\u00e1m se mi velmi pohodln\u011b \u0159\u00eddilo del\u0161\u00ed vzd\u00e1lenosti a m\u011bl jsem zase o v\u011bc m\u00ed\u0148, na kterou se soust\u0159edit.<\/p>\n<p>Sluch\u00e1tka pou\u017e\u00edv\u00e1m dote\u010f &#8211; funguj\u00ed opravdu spolehliv\u011b.<\/p>\n<h2>Jak\u00fd by mohl b\u00fdt rok 2024?<\/h2>\n<p>No&#8230;<\/p>\n<p><strong>Jak byla prvn\u00ed lo\u0148sk\u00e1 p\u016fle definov\u00e1na cestov\u00e1n\u00edm, tak te\u010f bude prvn\u00ed p\u016flka v rukou Adama, kter\u00fd se m\u00e1 narodit v p\u0159\u00ed\u0161t\u00edch dnech.<\/strong> Leden bude hodn\u011b v pom\u00e1hac\u00edm re\u017eimu &#8211; a z\u00e1rove\u0148 pl\u00e1novac\u00edm, proto\u017ee budeme u klient\u016f \u0159e\u0161it pl\u00e1ny na 2024.<\/p>\n<p><strong>V pr\u016fb\u011bhu minul\u00e9ho roku jsem \u010dasto p\u0159em\u00edtal o ot\u00e1zce &#8211; do jak\u00e9 m\u00edry \u201cprod\u00e1vat sv\u016fj \u010das\u201d na \u00fakor sebe a sv\u00e9ho podnik\u00e1n\u00ed?<\/strong> Velmi \u010dasto se tato ot\u00e1zka objevovala v listopadu, kdy se toho najednou nahrnulo hodn\u011b:<\/p>\n<ul class=\"ul1\">\n<li class=\"li1\">velk\u00e9 marketingov\u00e9 p\u0159edv\u00e1no\u010dn\u00ed kampan\u011b,<\/li>\n<li class=\"li1\">publikace kurzu,<\/li>\n<li class=\"li1\">p\u0159\u00edprava na v\u00e1noce,<\/li>\n<li class=\"li1\">bl\u00ed\u017e\u00edc\u00ed se porod.<\/li>\n<\/ul>\n<p><strong>Hlava mi neust\u00e1le p\u0159edhazovala i kli\u0161\u00e9 \u201cje\u0161t\u011b nikdy nikdo nezbohatl prodejem sv\u00e9ho \u010dasu\u201d. No jo, ale jak za\u010d\u00edt budovat byznys? V \u010dem podnikat? Jak si vlastn\u011b vybrat to, \u010demu se budu v\u011bnovat? A chci b\u00fdt v\u016fbec bohat\u00fd &#8211; co to znamen\u00e1?<\/strong><\/p>\n<p>Nev\u00edm. Ale chci to zjistit.<\/p>\n<p><strong>Ka\u017edop\u00e1dn\u011b letos na to p\u016fjdu trochu jinak.<\/strong> Za\u010d\u00e1tek roku budu &#8211; krom\u011b klasick\u00e9 klientsk\u00e9 pr\u00e1ce &#8211; v\u011bnovat opravdu velk\u00e9mu \u00faklidu, prim\u00e1rn\u011b tomu digit\u00e1ln\u00edmu. Za posledn\u00ed m\u011bs\u00edce jsem ud\u011blal spoustu pozn\u00e1mek na spoust\u011b r\u016fzn\u00fdch m\u00edstech a tak n\u011bjak c\u00edt\u00edm, \u017ee se pot\u0159ebuju v\u011bt\u0161iny toho zbavit a uklidit, aby mohlo vyr\u016fst n\u011bco nov\u00e9ho.<\/p>\n<p>Z\u00e1rove\u0148 si chci d\u00edky knize P\u0159e\u017e\u00edt vytvo\u0159it prvn\u00ed opravdov\u00fd cvi\u010debn\u00ed pl\u00e1n. Od jara budu s Eli\u0161kou jezdit v\u00edc na kole, v l\u00e9t\u011b budou zase koup\u00e1ky, Rock for People &#8211; a t\u0159eba i n\u011bjak\u00e9 to stanov\u00e1n\u00ed.<\/p>\n<p>Pokud se n\u00e1m do toho poda\u0159\u00ed i prodat byt a pen\u00edze utratit za n\u011bco, kde bychom cht\u011bli bydlet my, tak by to bylo \u00fapln\u011b nejlep\u0161\u00ed. Pokud se to ale nepoda\u0159\u00ed, nevad\u00ed, bude to holt za rok. ?<\/p>\n<p>No &#8211; a pak m\u011b \u010dek\u00e1 samoz\u0159ejm\u011b spousta v\u00fdzev a ot\u00e1zek, na kter\u00e9 se pokus\u00edm naj\u00edt odpov\u011b\u010f. T\u0159eba:<\/p>\n<ul class=\"ul1\">\n<li class=\"li1\">Roz\u0161\u00ed\u0159\u00edm &#8211; nebo naopak zmen\u0161\u00edm okruh klient\u016f? Zv\u00fd\u0161\u00edm hodinovku? P\u016fjdu u spoluprac\u00ed do hloubky?<\/li>\n<li>Co ud\u011bl\u00e1m pro r\u016fst marketingov\u00e9ho odd\u011blen\u00ed v E-shop rychle?<\/li>\n<li>Jak zakomponovat tvorbu obsahu pro sv\u00e9 vlastn\u00ed podnik\u00e1n\u00ed?<\/li>\n<li>A co vlastn\u011b to m\u00e9 vlastn\u00ed podnik\u00e1n\u00ed bude? ?<\/li>\n<\/ul>\n<p>To se nechte p\u0159ekvapit &#8211; stejn\u011b jako j\u00e1. Zn\u00e1te to&#8230; N\u00e1pad\u016f je spousta.<\/p>\n<p><strong>Te\u010f je ale \u010das na \u00faklid.<\/strong><\/p>\n<p>Jak asi vid\u00edte, bude to velmi zaj\u00edmav\u00fd rok. U\u017e se nem\u016f\u017eu do\u010dkat.<\/p>\n<p>No nic &#8211; tak vyhrnout ruk\u00e1vy a jde se do pr\u00e1ce.<\/p>\n<p>A d\u00edky za to, \u017ee to \u010dtete &#8211; r\u00e1d si o \u010demkoliv z v\u00fd\u0161e napsan\u00e9ho s v\u00e1mi popov\u00edd\u00e1m. ?<\/p>\n<h2 class=\"wp-block-heading\"><span id=\"Co_si_chci_do_roku_2023_vzkazat\">Co si chci do roku 2024 vzk\u00e1zat?<\/span><\/h2>\n<p>Do p\u00edsmena to stejn\u00e9, co loni. ?<\/p>\n<p>V\u00edc deleguj.<\/p>\n<p>V\u00edc \u0159\u00edkej ne.<\/p>\n<p>Bu\u010f p\u0159\u00edsn\u011bj\u0161\u00ed.<\/p>\n<p>Je\u010f v\u00edc na kvalitu.<\/p>\n<p>Soust\u0159e\u010f se.<\/p>\n<p>Vyu\u017eij s\u00edlu rutiny.<\/p>\n<p>Utr\u00e1cej za placen\u00e9 konzultace, kter\u00e9 ti u\u0161et\u0159\u00ed \u010das a energii.<\/p>\n<p>Enjoy.<\/p>\n<p><strong>PS: Trocha novoro\u010dn\u00edho bulv\u00e1ru a prokrastinace zde &#8211; aneb reporty koleg\u016f:<\/strong><\/p>\n<p><a href=\"https:\/\/jaroslavjanicek.cz\/bilancovani-2023\/\">Jarda Jan\u00ed\u010dek<\/a><\/p>\n<p><a href=\"https:\/\/shane.cz\/ohlednuti-za-rokem-2023\/\">Jan Pt\u00e1\u010dek<\/a><\/p>\n<p><a href=\"https:\/\/blog.ondrejmartinek.cz\/bilancovani-podnikaveho-roku-2023\/\">Ond\u0159ej Martinek<\/a><\/p>\n<p><a href=\"https:\/\/pajskr.cz\/shrnuti-roku-2023\/\">Jarda Pajskr<\/a><\/p>\n<p><a href=\"https:\/\/loudavymkrokem.cz\/zhodnoceni-roku-2023\/\">Luk\u00e1\u0161 Kone\u010dn\u00fd<\/a><\/p>\n<p><a href=\"https:\/\/www.petrkrauz.com\/rok-2023\/\">Petr Krauz<\/a><\/p>\n<p><a href=\"https:\/\/www.patrikgajdos.cz\/zhodnoceni-roku-2023\/\">Patrik Gajdo\u0161<\/a><\/p>\n<p><a href=\"https:\/\/www.zdenekmatuska.cz\/srhnuti-roku-2023\/\">Zden\u011bk Matu\u0161ka<\/a><\/p>\n<p><a href=\"https:\/\/franta.cz\/2023\/12\/30\/ohlednuti-po-2023\/\">Jan Hor\u00e1k<\/a><\/p>\n<p><a href=\"https:\/\/wladass.cz\/jaky-byl-muj-rok-2023\/\">Vladim\u00edr Piln\u00fd<\/a><\/p>\n<p><a href=\"https:\/\/dalamusil.com\/jaky-byl-muj-rok-2023\">D\u00e1la Musil<\/a><\/p>\n<p><a href=\"https:\/\/www.zdenekdvorak.cz\/report-2023\/\">Zden\u011bk Dvo\u0159\u00e1k<\/a><\/p>\n<p><a href=\"https:\/\/www.polgari.sk\/fakt-mega-kratky-report-roka-2023\/\">\u0160tefan Polg\u00e1ri<\/a><\/p>\n<p><a href=\"https:\/\/chytryspanek.cz\/o-nas\/spanek-2023\/\">Chytr\u00fd sp\u00e1nek<\/a><\/p>\n<p><a href=\"https:\/\/www.bronislavmarketing.cz\/report-roku-2023\/\">Bronislav Markowicz<\/a><\/p>\n<p><a href=\"https:\/\/mariorozensky.cz\/jaky-byl-rok-2023\/\">Mario Ro\u017eensk\u00fd<\/a><\/p>\n<p><a href=\"https:\/\/www.seoprakticky.cz\/blog\/jaky-byl-rok-2023\/\">Michal Binka<\/a><\/p>\n<p><a href=\"https:\/\/kareldytrych.medium.com\/2023-cbf18fef09ed\">Karel Dytrych<\/a><\/p>\n<p><a href=\"https:\/\/www.stefanjanousek.cz\/zhodnoceni-roku-2023\/\">\u0160tefan Janou\u0161ek<\/a><\/p>\n<p><a href=\"https:\/\/patrikpilous.cz\/muj-rok-2023-v-marketingu\/\">Patrik Pilous<\/a><\/p>\n","protected":false},"excerpt":{"rendered":"<p>Jak se mi do toho necht\u011blo, tak m\u011b psan\u00ed o to v\u00edc bavilo. To hlavn\u00ed, co m\u011b k dokon\u010den\u00ed p\u0159inutilo, byly vzpom\u00ednky na psan\u00ed lo\u0148sk\u00e9ho reportu a mno\u017estv\u00ed zpr\u00e1v, kter\u00e9 jsem od \u010dten\u00e1\u0159\u016f dostal. To je tak\u00e9 jeden z d\u016fvod\u016f, pro\u010d sd\u00edl\u00edm v\u011bc\u00ed, kter\u00e9 pro m\u011b d\u0159\u00edv byly t\u011b\u017eko p\u0159edstaviteln\u00e9. Sd\u00edlen\u00ed vn\u00edm\u00e1m jako jeden z [&hellip;]<\/p>\n","protected":false},"author":1,"featured_media":1757,"comment_status":"closed","ping_status":"open","sticky":false,"template":"","format":"standard","meta":{"footnotes":""},"categories":[4],"tags":[],"class_list":["post-1699","post","type-post","status-publish","format-standard","has-post-thumbnail","hentry","category-blog"],"_links":{"self":[{"href":"https:\/\/karelhladis.cz\/blog\/wp-json\/wp\/v2\/posts\/1699","targetHints":{"allow":["GET"]}}],"collection":[{"href":"https:\/\/karelhladis.cz\/blog\/wp-json\/wp\/v2\/posts"}],"about":[{"href":"https:\/\/karelhladis.cz\/blog\/wp-json\/wp\/v2\/types\/post"}],"author":[{"embeddable":true,"href":"https:\/\/karelhladis.cz\/blog\/wp-json\/wp\/v2\/users\/1"}],"replies":[{"embeddable":true,"href":"https:\/\/karelhladis.cz\/blog\/wp-json\/wp\/v2\/comments?post=1699"}],"version-history":[{"count":34,"href":"https:\/\/karelhladis.cz\/blog\/wp-json\/wp\/v2\/posts\/1699\/revisions"}],"predecessor-version":[{"id":1764,"href":"https:\/\/karelhladis.cz\/blog\/wp-json\/wp\/v2\/posts\/1699\/revisions\/1764"}],"wp:featuredmedia":[{"embeddable":true,"href":"https:\/\/karelhladis.cz\/blog\/wp-json\/wp\/v2\/media\/1757"}],"wp:attachment":[{"href":"https:\/\/karelhladis.cz\/blog\/wp-json\/wp\/v2\/media?parent=1699"}],"wp:term":[{"taxonomy":"category","embeddable":true,"href":"https:\/\/karelhladis.cz\/blog\/wp-json\/wp\/v2\/categories?post=1699"},{"taxonomy":"post_tag","embeddable":true,"href":"https:\/\/karelhladis.cz\/blog\/wp-json\/wp\/v2\/tags?post=1699"}],"curies":[{"name":"wp","href":"https:\/\/api.w.org\/{rel}","templated":true}]}}